{"id":878683,"date":"2025-11-29T20:29:08","date_gmt":"2025-11-29T19:29:08","guid":{"rendered":"https:\/\/www.albinfo.ch\/?p=878683"},"modified":"2025-11-30T00:35:04","modified_gmt":"2025-11-29T23:35:04","slug":"shaqiri-der-erfolg-des-kosovo-und-albaniens-in-den-qualifikationen-fuer-die-weltmeisterschaft-freut-mich","status":"publish","type":"post","link":"https:\/\/www.albinfo.at\/de\/shaqiri-der-erfolg-des-kosovo-und-albaniens-in-den-qualifikationen-fuer-die-weltmeisterschaft-freut-mich\/","title":{"rendered":"Shaqiri: \u201cDer Erfolg des Kosovo und Albaniens in den Qualifikationen f\u00fcr die Weltmeisterschaft freut mich\u201d"},"content":{"rendered":"<p data-start=\"2262\" data-end=\"2789\">In einem ausf\u00fchrlichen Interview mit der Medienplattform watson.ch sprach Fu\u00dfballstar Xherdan Shaqiri \u00fcber seine erfolgreiche Zeit beim FC Basel, \u00fcber eine kleine Krise, die der Klub derzeit durchmacht, sowie \u00fcber seine Rolle als Miteigent\u00fcmer des Fu\u00dfballvereins Rapperswil und weitere Themen. Er \u00e4u\u00dferte sich auch zur m\u00f6glichen Teilnahme Kosovos und Albaniens an der Weltmeisterschaft 2026 und sprach in h\u00f6chsten T\u00f6nen \u00fcber die aktuelle Qualit\u00e4t beider Nationalmannschaften, schreibt albinfo.ch.<\/p>\n<p data-start=\"2791\" data-end=\"3224\">Auf die Frage, ob die Erh\u00f6hung der Teilnehmerzahl an der Weltmeisterschaft deren Niveau schm\u00e4lern k\u00f6nnte, antwortet Shaqiri: Ich muss es erst erleben, um es beurteilen zu k\u00f6nnen. Einige Teams nehmen zum ersten Mal teil und ich denke, dass es f\u00fcr kleinere Nationen sehr gut ist, weil sie damit eine bessere Chance auf eine Qualifikation haben. Das sieht man bei Albanien und Kosovo, die die Qualifikationsphase noch \u00fcberstehen k\u00f6nnen.<\/p>\n<p data-start=\"3226\" data-end=\"3283\">N\u00e4chste Frage: Es w\u00e4re etwas Gro\u00dfes f\u00fcr den Kosovo, oder?<\/p>\n<p data-start=\"3285\" data-end=\"3692\">&#8220;Ja, und eine wunderbare Geschichte. Es w\u00e4re ihr erstes gro\u00dfes Turnier. Dass sie noch eine Chance haben, zeigt den Weg, den sie gegangen sind. Man sieht, dass immer mehr gute Spieler f\u00fcr den Kosovo spielen wollen, wie sie sich sportlich entwickeln und wie sie inzwischen in der Lage sind, dem Druck standzuhalten. Es ist jetzt ein Team mit Spielern aus guten Ligen, was ihnen sehr hilft&#8221;, antwortet Shaqiri.<\/p>\n<p data-start=\"3694\" data-end=\"4352\" data-is-last-node=\"\" data-is-only-node=\"\">Zur direkten Qualifikation der Schweiz f\u00fcr die Weltmeisterschaft und dem Erfolg ohne seine Anwesenheit im Team sagt er: Ich bin stolz auf die Mannschaft. Es waren keine einfachen Spiele, auch wenn nicht alle Gegner gut auftraten. Es ist einfach fantastisch, dass die Jungs es geschafft haben. Jetzt bin ich gespannt, gegen wen sie gelost werden und wie sie sich gegen st\u00e4rkere Gegner behaupten. Die Schweiz hat eine interessante Mannschaft mit vielen jungen Spielern. Ich werde sie immer verfolgen und freue mich auf die Weltmeisterschaft aus der Perspektive eines &#8221; Au\u00dfenstehenden&#8221;. &#8220;Und ja, es ist gut, dass sie es ohne mich geschafft haben&#8221;, f\u00fcgt er hinzu.<\/p>\n","protected":false},"excerpt":{"rendered":"<p>\u201cImmer mehr gute Spieler wollen f\u00fcr den Kosovo spielen, sie entwickeln sich sportlich weiter und k\u00f6nnen den Druck inzwischen bew\u00e4ltigen\u201d<\/p>\n","protected":false},"author":6,"featured_media":762014,"comment_status":"closed","ping_status":"closed","sticky":false,"template":"","format":"standard","meta":{"footnotes":""},"categories":[4023,1139],"tags":[],"vendi":[],"content_country":[],"class_list":["post-878683","post","type-post","status-publish","format-standard","has-post-thumbnail","hentry","category-futboll-de","category-sport"],"acf":[],"_links":{"self":[{"href":"https:\/\/www.albinfo.at\/de\/wp-json\/wp\/v2\/posts\/878683","targetHints":{"allow":["GET"]}}],"collection":[{"href":"https:\/\/www.albinfo.at\/de\/wp-json\/wp\/v2\/posts"}],"about":[{"href":"https:\/\/www.albinfo.at\/de\/wp-json\/wp\/v2\/types\/post"}],"author":[{"embeddable":true,"href":"https:\/\/www.albinfo.at\/de\/wp-json\/wp\/v2\/users\/6"}],"replies":[{"embeddable":true,"href":"https:\/\/www.albinfo.at\/de\/wp-json\/wp\/v2\/comments?post=878683"}],"version-history":[{"count":1,"href":"https:\/\/www.albinfo.at\/de\/wp-json\/wp\/v2\/posts\/878683\/revisions"}],"predecessor-version":[{"id":878684,"href":"https:\/\/www.albinfo.at\/de\/wp-json\/wp\/v2\/posts\/878683\/revisions\/878684"}],"wp:featuredmedia":[{"embeddable":true,"href":"https:\/\/www.albinfo.at\/de\/wp-json\/wp\/v2\/media\/762014"}],"wp:attachment":[{"href":"https:\/\/www.albinfo.at\/de\/wp-json\/wp\/v2\/media?parent=878683"}],"wp:term":[{"taxonomy":"category","embeddable":true,"href":"https:\/\/www.albinfo.at\/de\/wp-json\/wp\/v2\/categories?post=878683"},{"taxonomy":"post_tag","embeddable":true,"href":"https:\/\/www.albinfo.at\/de\/wp-json\/wp\/v2\/tags?post=878683"},{"taxonomy":"vendi","embeddable":true,"href":"https:\/\/www.albinfo.at\/de\/wp-json\/wp\/v2\/vendi?post=878683"},{"taxonomy":"content_country","embeddable":true,"href":"https:\/\/www.albinfo.at\/de\/wp-json\/wp\/v2\/content_country?post=878683"}],"curies":[{"name":"wp","href":"https:\/\/api.w.org\/{rel}","templated":true}]}}