{"id":878672,"date":"2025-11-29T20:10:08","date_gmt":"2025-11-29T19:10:08","guid":{"rendered":"https:\/\/www.albinfo.ch\/?p=878672"},"modified":"2025-11-30T00:05:18","modified_gmt":"2025-11-29T23:05:18","slug":"hundertzwanzigtausend-origami-blaetter-fuer-die-albanische-fahne-arbnora-auf-dem-weg-zu-einem-weltrekord","status":"publish","type":"post","link":"https:\/\/www.albinfo.at\/de\/hundertzwanzigtausend-origami-blaetter-fuer-die-albanische-fahne-arbnora-auf-dem-weg-zu-einem-weltrekord\/","title":{"rendered":"Hundertzwanzigtausend Origami Bl\u00e4tter f\u00fcr die albanische Fahne Arbnora auf dem Weg zu einem Weltrekord"},"content":{"rendered":"<p data-start=\"1141\" data-end=\"1621\">Die albanische K\u00fcnstlerin Arbnora Fejza Idrizi bereitet sich darauf vor, einen weiteren bedeutenden Erfolg in der Mosaikkunst zu erzielen, indem sie das riesige Bild der albanischen Nationalflagge durch das gr\u00f6\u00dfte Origami Mosaik der Welt gestaltet, berichtet albinfo.ch. Das Werk besteht aus rund einhundertzwanzigtausend gefalteten Papieren in Form von Pyramiden, ein Prozess, der Geduld, Pr\u00e4zision und hohe handwerkliche Kunstfertigkeit erfordert.<\/p>\n<p data-start=\"1623\" data-end=\"1959\">Das Mosaik bedeckt eine Fl\u00e4che von eintausenddreihundert Quadratmetern und geh\u00f6rt damit zu den beeindruckendsten k\u00fcnstlerischen Installationen dieser Art. Mit diesem monumentalen Werk m\u00f6chte die K\u00fcnstlerin die Symbolik der albanischen Fahne hervorheben und die Kraft der Kunst als Mittel f\u00fcr Innovation und kulturelle Verbindung zeigen.<\/p>\n<p data-start=\"1961\" data-end=\"2299\" data-is-last-node=\"\" data-is-only-node=\"\">Arbnora wird voraussichtlich dieses Werk als ihren n\u00e4chsten Eintrag bei den \u201cGuinness World Records\u201d registrieren lassen, indem sie das Origami Mosaik der albanischen Flagge als das gr\u00f6\u00dfte der Welt ausruft. Es wird der zweite Rekord f\u00fcr die K\u00fcnstlerin sein, die bereits mit dem gr\u00f6\u00dften Origami Mosaik zum Kosovo Flagge Rekordtr\u00e4gerin ist.<\/p>\n<p><img loading=\"lazy\" decoding=\"async\" class=\"alignnone wp-image-878460\" src=\"https:\/\/www.albinfo.ch\/wp-content\/uploads\/2025\/11\/591079237_1300955168726442_4937662597023642217_n-1024x1024.jpg\" alt=\"\" width=\"501\" height=\"501\" srcset=\"https:\/\/www.albinfo.at\/wp-content\/uploads\/2025\/11\/591079237_1300955168726442_4937662597023642217_n-1024x1024.jpg 1024w, https:\/\/www.albinfo.at\/wp-content\/uploads\/2025\/11\/591079237_1300955168726442_4937662597023642217_n-300x300.jpg 300w, https:\/\/www.albinfo.at\/wp-content\/uploads\/2025\/11\/591079237_1300955168726442_4937662597023642217_n-150x150.jpg 150w, https:\/\/www.albinfo.at\/wp-content\/uploads\/2025\/11\/591079237_1300955168726442_4937662597023642217_n-768x768.jpg 768w, https:\/\/www.albinfo.at\/wp-content\/uploads\/2025\/11\/591079237_1300955168726442_4937662597023642217_n-396x396.jpg 396w, https:\/\/www.albinfo.at\/wp-content\/uploads\/2025\/11\/591079237_1300955168726442_4937662597023642217_n-280x280.jpg 280w, https:\/\/www.albinfo.at\/wp-content\/uploads\/2025\/11\/591079237_1300955168726442_4937662597023642217_n-100x100.jpg 100w, https:\/\/www.albinfo.at\/wp-content\/uploads\/2025\/11\/591079237_1300955168726442_4937662597023642217_n-175x175.jpg 175w, https:\/\/www.albinfo.at\/wp-content\/uploads\/2025\/11\/591079237_1300955168726442_4937662597023642217_n.jpg 1080w\" sizes=\"auto, (max-width: 501px) 100vw, 501px\" \/><\/p>\n","protected":false},"excerpt":{"rendered":"<p>     Arbnora Fejza Idrizi auf dem Weg zu einem neuen \u201cGuinness\u201d Rekord mit dem riesigen Origami Mosaik der albanischen Fahne<\/p>\n","protected":false},"author":6,"featured_media":878465,"comment_status":"closed","ping_status":"closed","sticky":false,"template":"","format":"standard","meta":{"footnotes":""},"categories":[33439,23263,1130,3952,23269,23262,1129],"tags":[],"vendi":[],"content_country":[],"class_list":["post-878672","post","type-post","status-publish","format-standard","has-post-thumbnail","hentry","category-kuriositaeten-de","category-kosova-de-2","category-aktuell","category-kosova-de","category-news","category-at-balkani-de","category-ch-balkan"],"acf":[],"_links":{"self":[{"href":"https:\/\/www.albinfo.at\/de\/wp-json\/wp\/v2\/posts\/878672","targetHints":{"allow":["GET"]}}],"collection":[{"href":"https:\/\/www.albinfo.at\/de\/wp-json\/wp\/v2\/posts"}],"about":[{"href":"https:\/\/www.albinfo.at\/de\/wp-json\/wp\/v2\/types\/post"}],"author":[{"embeddable":true,"href":"https:\/\/www.albinfo.at\/de\/wp-json\/wp\/v2\/users\/6"}],"replies":[{"embeddable":true,"href":"https:\/\/www.albinfo.at\/de\/wp-json\/wp\/v2\/comments?post=878672"}],"version-history":[{"count":1,"href":"https:\/\/www.albinfo.at\/de\/wp-json\/wp\/v2\/posts\/878672\/revisions"}],"predecessor-version":[{"id":878673,"href":"https:\/\/www.albinfo.at\/de\/wp-json\/wp\/v2\/posts\/878672\/revisions\/878673"}],"wp:featuredmedia":[{"embeddable":true,"href":"https:\/\/www.albinfo.at\/de\/wp-json\/wp\/v2\/media\/878465"}],"wp:attachment":[{"href":"https:\/\/www.albinfo.at\/de\/wp-json\/wp\/v2\/media?parent=878672"}],"wp:term":[{"taxonomy":"category","embeddable":true,"href":"https:\/\/www.albinfo.at\/de\/wp-json\/wp\/v2\/categories?post=878672"},{"taxonomy":"post_tag","embeddable":true,"href":"https:\/\/www.albinfo.at\/de\/wp-json\/wp\/v2\/tags?post=878672"},{"taxonomy":"vendi","embeddable":true,"href":"https:\/\/www.albinfo.at\/de\/wp-json\/wp\/v2\/vendi?post=878672"},{"taxonomy":"content_country","embeddable":true,"href":"https:\/\/www.albinfo.at\/de\/wp-json\/wp\/v2\/content_country?post=878672"}],"curies":[{"name":"wp","href":"https:\/\/api.w.org\/{rel}","templated":true}]}}