{"id":878352,"date":"2025-11-28T19:27:18","date_gmt":"2025-11-28T18:27:18","guid":{"rendered":"https:\/\/www.albinfo.ch\/?p=878352"},"modified":"2025-11-28T23:29:30","modified_gmt":"2025-11-28T22:29:30","slug":"ein-weiterer-bekannter-europaeischer-klub-hat-fisnik-asllani-ins-visier-genommen","status":"publish","type":"post","link":"https:\/\/www.albinfo.at\/de\/ein-weiterer-bekannter-europaeischer-klub-hat-fisnik-asllani-ins-visier-genommen\/","title":{"rendered":"Ein weiterer bekannter europ\u00e4ischer Klub hat Fisnik Asllani ins Visier genommen"},"content":{"rendered":"<article class=\"text-token-text-primary w-full focus:outline-none [--shadow-height:45px] has-data-writing-block:pointer-events-none has-data-writing-block:-mt-(--shadow-height) has-data-writing-block:pt-(--shadow-height) [&amp;:has([data-writing-block])&gt;*]:pointer-events-auto [content-visibility:auto] supports-[content-visibility:auto]:[contain-intrinsic-size:auto_100lvh] scroll-mt-[calc(var(--header-height)+min(200px,max(70px,20svh)))]\" dir=\"auto\" tabindex=\"-1\" data-turn-id=\"request-692380ab-d67c-832a-ab54-66d86e2f4598-23\" data-testid=\"conversation-turn-72\" data-scroll-anchor=\"true\" data-turn=\"assistant\">\n<div class=\"text-base my-auto mx-auto pb-10 [--thread-content-margin:--spacing(4)] thread-sm:[--thread-content-margin:--spacing(6)] thread-lg:[--thread-content-margin:--spacing(16)] px-(--thread-content-margin)\">\n<div class=\"[--thread-content-max-width:40rem] thread-lg:[--thread-content-max-width:48rem] mx-auto max-w-(--thread-content-max-width) flex-1 group\/turn-messages focus-visible:outline-hidden relative flex w-full min-w-0 flex-col agent-turn\" tabindex=\"-1\">\n<div class=\"flex max-w-full flex-col grow\">\n<div class=\"min-h-8 text-message relative flex w-full flex-col items-end gap-2 text-start break-words whitespace-normal [.text-message+&amp;]:mt-1\" dir=\"auto\" data-message-author-role=\"assistant\" data-message-id=\"a070afbd-22c9-4618-880d-b87d7a845c12\" data-message-model-slug=\"gpt-5-1\">\n<div class=\"flex w-full flex-col gap-1 empty:hidden first:pt-[1px]\">\n<div class=\"markdown prose dark:prose-invert w-full break-words light markdown-new-styling\">\n<p data-start=\"1101\" data-end=\"1316\">Mit seinen beeindruckenden Auftritten in dieser Saison f\u00fcr TSG Hoffenheim und das Kosovo hat Fisnik Asllani die Aufmerksamkeit mehrerer grosser Vereine auf sich gezogen, darunter Bayern M\u00fcnchen und der FC Barcelona.<\/p>\n<p data-start=\"1318\" data-end=\"1468\">Nun ist auch Borussia Dortmund ins Rennen eingestiegen. Laut Bild steht der 23 j\u00e4hrige St\u00fcrmer stark im Fokus der Schwarzgelben, berichtet albinfo.ch.<\/p>\n<p data-start=\"1470\" data-end=\"1659\">Dortmund soll bereits im vergangenen Sommer einen ernsthaften Versuch unternommen haben, Asllani zu verpflichten, und das deutsche Boulevardblatt schreibt, dass das Interesse erneut w\u00e4chst.<\/p>\n<p data-start=\"1661\" data-end=\"1755\">Asllani k\u00f6nnte als Ersatz f\u00fcr Serhou Guirassy kommen, der den Klub im Sommer verlassen k\u00f6nnte.<\/p>\n<p data-start=\"1757\" data-end=\"1979\">Der guineische St\u00fcrmer besitzt eine Ausstiegsklausel \u00fcber 50 Millionen Euro, die nur f\u00fcr eine begrenzte Zahl an Vereinen gilt. Medienberichten zufolge wird er von seinem Bruder und Berater Klubs in Saudi Arabien angeboten.<\/p>\n<p data-start=\"1981\" data-end=\"2169\" data-is-last-node=\"\" data-is-only-node=\"\">Auch der kosovarische St\u00fcrmer soll eine Ausstiegsklausel in seinem Vertrag mit Hoffenheim haben. Die genaue Summe ist nicht \u00f6ffentlich bekannt, soll aber im erschwinglichen Bereich liegen.<\/p>\n<\/div>\n<\/div>\n<\/div>\n<\/div>\n<div class=\"z-0 flex min-h-[46px] justify-start\"><\/div>\n<div class=\"mt-3 w-full empty:hidden\">\n<div class=\"text-center\"><\/div>\n<\/div>\n<\/div>\n<\/div>\n<\/article>\n<div class=\"pointer-events-none h-px w-px\" aria-hidden=\"true\" data-edge=\"true\"><\/div>\n","protected":false},"excerpt":{"rendered":"<p>Mit seinen beeindruckenden Auftritten in dieser Saison f\u00fcr TSG Hoffenheim und das Kosovo hat Fisnik Asllani die Aufmerksamkeit mehrerer grosser Vereine auf sich gezogen, darunter Bayern M\u00fcnchen und der FC Barcelona. Nun ist auch Borussia Dortmund ins Rennen eingestiegen. Laut Bild steht der 23 j\u00e4hrige St\u00fcrmer stark im Fokus der Schwarzgelben, berichtet albinfo.ch. Dortmund soll [&hellip;]<\/p>\n","protected":false},"author":6,"featured_media":878102,"comment_status":"closed","ping_status":"closed","sticky":false,"template":"","format":"standard","meta":{"footnotes":""},"categories":[4023,24631,1139],"tags":[],"vendi":[],"content_country":[],"class_list":["post-878352","post","type-post","status-publish","format-standard","has-post-thumbnail","hentry","category-futboll-de","category-nachrichten-de-2","category-sport"],"acf":[],"_links":{"self":[{"href":"https:\/\/www.albinfo.at\/de\/wp-json\/wp\/v2\/posts\/878352","targetHints":{"allow":["GET"]}}],"collection":[{"href":"https:\/\/www.albinfo.at\/de\/wp-json\/wp\/v2\/posts"}],"about":[{"href":"https:\/\/www.albinfo.at\/de\/wp-json\/wp\/v2\/types\/post"}],"author":[{"embeddable":true,"href":"https:\/\/www.albinfo.at\/de\/wp-json\/wp\/v2\/users\/6"}],"replies":[{"embeddable":true,"href":"https:\/\/www.albinfo.at\/de\/wp-json\/wp\/v2\/comments?post=878352"}],"version-history":[{"count":1,"href":"https:\/\/www.albinfo.at\/de\/wp-json\/wp\/v2\/posts\/878352\/revisions"}],"predecessor-version":[{"id":878353,"href":"https:\/\/www.albinfo.at\/de\/wp-json\/wp\/v2\/posts\/878352\/revisions\/878353"}],"wp:featuredmedia":[{"embeddable":true,"href":"https:\/\/www.albinfo.at\/de\/wp-json\/wp\/v2\/media\/878102"}],"wp:attachment":[{"href":"https:\/\/www.albinfo.at\/de\/wp-json\/wp\/v2\/media?parent=878352"}],"wp:term":[{"taxonomy":"category","embeddable":true,"href":"https:\/\/www.albinfo.at\/de\/wp-json\/wp\/v2\/categories?post=878352"},{"taxonomy":"post_tag","embeddable":true,"href":"https:\/\/www.albinfo.at\/de\/wp-json\/wp\/v2\/tags?post=878352"},{"taxonomy":"vendi","embeddable":true,"href":"https:\/\/www.albinfo.at\/de\/wp-json\/wp\/v2\/vendi?post=878352"},{"taxonomy":"content_country","embeddable":true,"href":"https:\/\/www.albinfo.at\/de\/wp-json\/wp\/v2\/content_country?post=878352"}],"curies":[{"name":"wp","href":"https:\/\/api.w.org\/{rel}","templated":true}]}}