{"id":877716,"date":"2025-11-26T20:35:39","date_gmt":"2025-11-26T19:35:39","guid":{"rendered":"https:\/\/www.albinfo.ch\/?p=877716"},"modified":"2025-11-26T20:36:13","modified_gmt":"2025-11-26T19:36:13","slug":"wenn-sich-kosovo-qualifiziert-wird-es-beim-wm-losverfahren-im-vierten-topf-sein","status":"publish","type":"post","link":"https:\/\/www.albinfo.at\/de\/wenn-sich-kosovo-qualifiziert-wird-es-beim-wm-losverfahren-im-vierten-topf-sein\/","title":{"rendered":"Wenn sich Kosovo qualifiziert, wird es beim WM Losverfahren im vierten Topf sein"},"content":{"rendered":"<p data-start=\"2282\" data-end=\"2459\">Der Internationale Fu\u00dfballverband FIFA hat die Lost\u00f6pfe f\u00fcr die Weltmeisterschaft 2026 bekannt gegeben, die in den USA, Mexiko und Kanada ausgetragen wird, berichtet albinfo.ch.<\/p>\n<p data-start=\"2461\" data-end=\"2787\">Kosovo strebt weiterhin die Qualifikation f\u00fcr diese Weltmeisterschaft an. Die Dardan\u00ebt spielen am 26. M\u00e4rz in Bratislava gegen die Slowakei im Halbfinale der Playoffs. Der Sieger dieser Partie trifft am 31. M\u00e4rz auf die T\u00fcrkei oder Rum\u00e4nien. Ein Sieg in diesem Spiel w\u00fcrde Kosovo einen Platz bei der Weltmeisterschaft sichern.<\/p>\n<p data-start=\"2789\" data-end=\"3064\">Wenn sich Kosovo qualifiziert, wird es im vierten Topf des WM Losverfahrens eingeordnet, zusammen mit den Siegern der drei weiteren europ\u00e4ischen Playoffs, zwei interkontinentalen Playoffs sowie den Nationalteams aus Jordanien, Kap Verde, Ghana, Cura\u00e7ao, Haiti und Neuseeland.<\/p>\n<p data-start=\"3066\" data-end=\"3564\">Im ersten Topf befinden sich Kanada, Mexiko und die USA als Gastgeber sowie Spanien, Argentinien, Frankreich, England, Brasilien, Portugal, die Niederlande, Belgien und Deutschland. Der zweite Topf besteht aus Kroatien, Marokko, Kolumbien, Uruguay, der Schweiz, Japan, Senegal, Iran, S\u00fcdkorea, Ecuador, \u00d6sterreich und Australien, w\u00e4hrend der dritte Topf Norwegen, Panama, \u00c4gypten, Algerien, Schottland, Paraguay, Tunesien, die Elfenbeink\u00fcste, Usbekistan, Katar, Saudi Arabien und S\u00fcdafrika umfasst.<\/p>\n<p data-start=\"3566\" data-end=\"3768\">Die Auslosung der Weltmeisterschaft findet am 5. Dezember in Washington statt, mit der Teilnahme der Delegationen der qualifizierten Verb\u00e4nde sowie jener, die noch im Rennen sind, einschlie\u00dflich Kosovo.<\/p>\n<p data-start=\"3770\" data-end=\"3998\">Dies wird die erste Weltmeisterschaft mit 48 Teams sein, aufgeteilt in zw\u00f6lf Gruppen zu je vier Mannschaften. Die ersten beiden jeder Gruppe qualifizieren sich f\u00fcr das Achtelfinale, zusammen mit den acht besten Drittplatzierten.<\/p>\n<p data-start=\"4000\" data-end=\"4134\" data-is-last-node=\"\" data-is-only-node=\"\">Eine Qualifikation Kosovos, aber auch Albaniens, f\u00fcr diese Weltmeisterschaft w\u00e4re ein historischer Erfolg f\u00fcr den albanischen Fu\u00dfball.<\/p>\n","protected":false},"excerpt":{"rendered":"<p>Kosovo k\u00f6nnte beim WM 2026 Losverfahren im vierten Topf sein<\/p>\n","protected":false},"author":6,"featured_media":867023,"comment_status":"closed","ping_status":"closed","sticky":false,"template":"","format":"standard","meta":{"footnotes":""},"categories":[4023,24631,1139],"tags":[],"vendi":[],"content_country":[],"class_list":["post-877716","post","type-post","status-publish","format-standard","has-post-thumbnail","hentry","category-futboll-de","category-nachrichten-de-2","category-sport"],"acf":[],"_links":{"self":[{"href":"https:\/\/www.albinfo.at\/de\/wp-json\/wp\/v2\/posts\/877716","targetHints":{"allow":["GET"]}}],"collection":[{"href":"https:\/\/www.albinfo.at\/de\/wp-json\/wp\/v2\/posts"}],"about":[{"href":"https:\/\/www.albinfo.at\/de\/wp-json\/wp\/v2\/types\/post"}],"author":[{"embeddable":true,"href":"https:\/\/www.albinfo.at\/de\/wp-json\/wp\/v2\/users\/6"}],"replies":[{"embeddable":true,"href":"https:\/\/www.albinfo.at\/de\/wp-json\/wp\/v2\/comments?post=877716"}],"version-history":[{"count":1,"href":"https:\/\/www.albinfo.at\/de\/wp-json\/wp\/v2\/posts\/877716\/revisions"}],"predecessor-version":[{"id":877717,"href":"https:\/\/www.albinfo.at\/de\/wp-json\/wp\/v2\/posts\/877716\/revisions\/877717"}],"wp:featuredmedia":[{"embeddable":true,"href":"https:\/\/www.albinfo.at\/de\/wp-json\/wp\/v2\/media\/867023"}],"wp:attachment":[{"href":"https:\/\/www.albinfo.at\/de\/wp-json\/wp\/v2\/media?parent=877716"}],"wp:term":[{"taxonomy":"category","embeddable":true,"href":"https:\/\/www.albinfo.at\/de\/wp-json\/wp\/v2\/categories?post=877716"},{"taxonomy":"post_tag","embeddable":true,"href":"https:\/\/www.albinfo.at\/de\/wp-json\/wp\/v2\/tags?post=877716"},{"taxonomy":"vendi","embeddable":true,"href":"https:\/\/www.albinfo.at\/de\/wp-json\/wp\/v2\/vendi?post=877716"},{"taxonomy":"content_country","embeddable":true,"href":"https:\/\/www.albinfo.at\/de\/wp-json\/wp\/v2\/content_country?post=877716"}],"curies":[{"name":"wp","href":"https:\/\/api.w.org\/{rel}","templated":true}]}}