{"id":877305,"date":"2025-11-24T20:13:23","date_gmt":"2025-11-24T19:13:23","guid":{"rendered":"https:\/\/www.albinfo.ch\/?p=877305"},"modified":"2025-11-25T09:17:05","modified_gmt":"2025-11-25T08:17:05","slug":"die-albanische-skifahrerin-glaenzt-in-oesterreich-und-sichert-sich-zum-zweiten-mal-in-folge-einen-podiumsplatz-bei-der-ski-weltmeisterschaft","status":"publish","type":"post","link":"https:\/\/www.albinfo.at\/de\/die-albanische-skifahrerin-glaenzt-in-oesterreich-und-sichert-sich-zum-zweiten-mal-in-folge-einen-podiumsplatz-bei-der-ski-weltmeisterschaft\/","title":{"rendered":"Die albanische Skifahrerin gl\u00e4nzt in \u00d6sterreich und sichert sich zum zweiten Mal in Folge einen Podiumsplatz bei der Ski Weltmeisterschaft"},"content":{"rendered":"<p data-start=\"777\" data-end=\"889\">Die albanische Skifahrerin Lara Colturi hat im Slalom der Weltcup Rennen in \u00d6sterreich den zweiten Platz belegt.<\/p>\n<p data-start=\"891\" data-end=\"1220\">Sie beendete das Rennen in 1 Minute, 49 Sekunden und 34 Hundertstel, nur 1.23 Sekunden hinter der Amerikanerin Mikaela Shiffrin, die in ihrer Karriere bereits 103 Podestpl\u00e4tze erreicht hat. Dies ist das zweite Podium in Folge f\u00fcr Lara Colturi und best\u00e4tigt die Konstanz ihrer Leistungen auf h\u00f6chstem Niveau, berichtet albinfo.at.<\/p>\n<p data-start=\"1222\" data-end=\"1509\" data-is-last-node=\"\" data-is-only-node=\"\">Mit diesem Ergebnis kommt Lara Colturi auf insgesamt 196 Punkte im Gesamtklassement des Weltcups, einschliesslich der 80 Punkte aus dem letzten Rennen. Ihr Erfolg macht die albanische Skifahrerin zu einer immer st\u00e4rkeren und ernstzunehmenden Konkurrentin bei internationalen Wettk\u00e4mpfen.<\/p>\n","protected":false},"excerpt":{"rendered":"<p>Die albanische Skifahrerin Lara Colturi hat im Slalom der Weltcup Rennen in \u00d6sterreich den zweiten Platz belegt. Sie beendete das Rennen in 1 Minute, 49 Sekunden und 34 Hundertstel, nur 1.23 Sekunden hinter der Amerikanerin Mikaela Shiffrin, die in ihrer Karriere bereits 103 Podestpl\u00e4tze erreicht hat. Dies ist das zweite Podium in Folge f\u00fcr Lara [&hellip;]<\/p>\n","protected":false},"author":6,"featured_media":596771,"comment_status":"closed","ping_status":"closed","sticky":false,"template":"","format":"standard","meta":{"footnotes":""},"categories":[24631,1139],"tags":[],"vendi":[],"content_country":[],"class_list":["post-877305","post","type-post","status-publish","format-standard","has-post-thumbnail","hentry","category-nachrichten-de-2","category-sport"],"acf":[],"_links":{"self":[{"href":"https:\/\/www.albinfo.at\/de\/wp-json\/wp\/v2\/posts\/877305","targetHints":{"allow":["GET"]}}],"collection":[{"href":"https:\/\/www.albinfo.at\/de\/wp-json\/wp\/v2\/posts"}],"about":[{"href":"https:\/\/www.albinfo.at\/de\/wp-json\/wp\/v2\/types\/post"}],"author":[{"embeddable":true,"href":"https:\/\/www.albinfo.at\/de\/wp-json\/wp\/v2\/users\/6"}],"replies":[{"embeddable":true,"href":"https:\/\/www.albinfo.at\/de\/wp-json\/wp\/v2\/comments?post=877305"}],"version-history":[{"count":1,"href":"https:\/\/www.albinfo.at\/de\/wp-json\/wp\/v2\/posts\/877305\/revisions"}],"predecessor-version":[{"id":877307,"href":"https:\/\/www.albinfo.at\/de\/wp-json\/wp\/v2\/posts\/877305\/revisions\/877307"}],"wp:featuredmedia":[{"embeddable":true,"href":"https:\/\/www.albinfo.at\/de\/wp-json\/wp\/v2\/media\/596771"}],"wp:attachment":[{"href":"https:\/\/www.albinfo.at\/de\/wp-json\/wp\/v2\/media?parent=877305"}],"wp:term":[{"taxonomy":"category","embeddable":true,"href":"https:\/\/www.albinfo.at\/de\/wp-json\/wp\/v2\/categories?post=877305"},{"taxonomy":"post_tag","embeddable":true,"href":"https:\/\/www.albinfo.at\/de\/wp-json\/wp\/v2\/tags?post=877305"},{"taxonomy":"vendi","embeddable":true,"href":"https:\/\/www.albinfo.at\/de\/wp-json\/wp\/v2\/vendi?post=877305"},{"taxonomy":"content_country","embeddable":true,"href":"https:\/\/www.albinfo.at\/de\/wp-json\/wp\/v2\/content_country?post=877305"}],"curies":[{"name":"wp","href":"https:\/\/api.w.org\/{rel}","templated":true}]}}