{"id":877268,"date":"2025-11-24T19:15:57","date_gmt":"2025-11-24T18:15:57","guid":{"rendered":"https:\/\/www.albinfo.ch\/?p=877268"},"modified":"2025-11-25T08:19:43","modified_gmt":"2025-11-25T07:19:43","slug":"hoxha-und-asani-glaenzen","status":"publish","type":"post","link":"https:\/\/www.albinfo.at\/de\/hoxha-und-asani-glaenzen\/","title":{"rendered":"Hoxha und Asani gl\u00e4nzen"},"content":{"rendered":"<p data-start=\"2214\" data-end=\"2457\">Die Spieler der albanischen Nationalmannschaft gl\u00e4nzen weiterhin auf der internationalen B\u00fchne. In der vergangenen Woche geh\u00f6rten mehrere von ihnen zu den Protagonisten, dank ihrer Tore und entscheidenden Vorlagen in ihren jeweiligen Vereinen.<\/p>\n<p data-start=\"2459\" data-end=\"2878\">Arb\u00ebr Hoxha ist derzeit der Spieler der Stunde in Kroatien. Nachdem er zum Spieler des Monats September gew\u00e4hlt wurde, erhielt der Nationalst\u00fcrmer dieselbe Auszeichnung auch f\u00fcr den Monat Oktober und feierte sie mit zwei Toren im letzten Ligaspiel gegen Varazdin. Dinamo Zagreb siegte 3:1 und Hoxha traf in der 37. Minute der ersten Halbzeit sowie in der 53. Minute der zweiten, schreibt der FSHF, berichtet albinfo.ch.<\/p>\n<p data-start=\"2880\" data-end=\"3150\">Auch Jasir Asani erzielte einen Doppelpack f\u00fcr Esteghlal im iranischen Pokal und f\u00fchrte sein Team in der Verl\u00e4ngerung zum Sieg. Der Nationalst\u00fcrmer glich zun\u00e4chst kurz vor Ende der regul\u00e4ren Spielzeit per Elfmeter aus und entschied die Partie sp\u00e4ter in der Verl\u00e4ngerung.<\/p>\n<p data-start=\"3152\" data-end=\"3381\">Qazim La\u00e7i erzielte ein Traumtor per Freistoss f\u00fcr Rizespor gegen Fenerbahce in der t\u00fcrkischen Liga. Der Mittelfeldspieler markierte den zweiten Treffer des Spiels in der 15. Minute und \u00fcberwand den gegnerischen Torh\u00fcter Ederson.<\/p>\n<p data-start=\"3383\" data-end=\"3577\">Auch Juljan Shehu fand den Weg ins Tor, als er f\u00fcr Widzew \u0141\u00f3d\u017a in der polnischen Liga gegen Korona Kielce traf. Shehu erzielte sein Tor in der 49. Minute, allerdings verlor sein Team die Partie.<\/p>\n<p data-start=\"3579\" data-end=\"3837\">Der Nationalst\u00fcrmer Mirlind Daku meldete sich ebenfalls zur\u00fcck und erzielte das einzige Tor im Spiel Rubin Kasan gegen Akhmat Grosny, wodurch er seiner Mannschaft den Sieg sicherte. Daku traf in der 75. Minute und erreicht damit seinen neunten Saisontreffer.<\/p>\n<p data-start=\"3839\" data-end=\"4008\">Anis Mehmeti lieferte gleich drei Vorlagen beim 3:0 Sieg von Bristol City gegen Swansea und geh\u00f6rte mit einer sehr starken Leistung zu den besten Akteuren auf dem Platz.<\/p>\n<p data-start=\"4010\" data-end=\"4184\">Zu den weiteren Stammspielern dieser Woche z\u00e4hlten Thomas Strakosha, Mario Mitaj, Berat Gjimshiti, Arlind Ajeti, Ylber Ramadani, Medon Berisha, Adrion Pajaziti und Rey Manaj.<\/p>\n<p data-start=\"4186\" data-end=\"4280\" data-is-last-node=\"\" data-is-only-node=\"\">Als Einwechselspieler trugen auch Nedim Bajrami, Armando Broja und Indrit Tuci ihren Teil bei.<\/p>\n","protected":false},"excerpt":{"rendered":"<p>Hoxha und Asani erzielen jeweils zwei Tore. Auch La\u00e7i, Shehu und Daku finden den Weg ins Netz.<\/p>\n","protected":false},"author":6,"featured_media":877072,"comment_status":"closed","ping_status":"closed","sticky":false,"template":"","format":"standard","meta":{"footnotes":""},"categories":[4023,1139],"tags":[],"vendi":[],"content_country":[],"class_list":["post-877268","post","type-post","status-publish","format-standard","has-post-thumbnail","hentry","category-futboll-de","category-sport"],"acf":[],"_links":{"self":[{"href":"https:\/\/www.albinfo.at\/de\/wp-json\/wp\/v2\/posts\/877268","targetHints":{"allow":["GET"]}}],"collection":[{"href":"https:\/\/www.albinfo.at\/de\/wp-json\/wp\/v2\/posts"}],"about":[{"href":"https:\/\/www.albinfo.at\/de\/wp-json\/wp\/v2\/types\/post"}],"author":[{"embeddable":true,"href":"https:\/\/www.albinfo.at\/de\/wp-json\/wp\/v2\/users\/6"}],"replies":[{"embeddable":true,"href":"https:\/\/www.albinfo.at\/de\/wp-json\/wp\/v2\/comments?post=877268"}],"version-history":[{"count":1,"href":"https:\/\/www.albinfo.at\/de\/wp-json\/wp\/v2\/posts\/877268\/revisions"}],"predecessor-version":[{"id":877269,"href":"https:\/\/www.albinfo.at\/de\/wp-json\/wp\/v2\/posts\/877268\/revisions\/877269"}],"wp:featuredmedia":[{"embeddable":true,"href":"https:\/\/www.albinfo.at\/de\/wp-json\/wp\/v2\/media\/877072"}],"wp:attachment":[{"href":"https:\/\/www.albinfo.at\/de\/wp-json\/wp\/v2\/media?parent=877268"}],"wp:term":[{"taxonomy":"category","embeddable":true,"href":"https:\/\/www.albinfo.at\/de\/wp-json\/wp\/v2\/categories?post=877268"},{"taxonomy":"post_tag","embeddable":true,"href":"https:\/\/www.albinfo.at\/de\/wp-json\/wp\/v2\/tags?post=877268"},{"taxonomy":"vendi","embeddable":true,"href":"https:\/\/www.albinfo.at\/de\/wp-json\/wp\/v2\/vendi?post=877268"},{"taxonomy":"content_country","embeddable":true,"href":"https:\/\/www.albinfo.at\/de\/wp-json\/wp\/v2\/content_country?post=877268"}],"curies":[{"name":"wp","href":"https:\/\/api.w.org\/{rel}","templated":true}]}}