{"id":876843,"date":"2025-11-22T09:50:38","date_gmt":"2025-11-22T08:50:38","guid":{"rendered":"https:\/\/www.albinfo.ch\/?p=876843"},"modified":"2025-11-23T00:01:49","modified_gmt":"2025-11-22T23:01:49","slug":"der-praesident-des-fc-turin-spricht-ueber-die-zukunft-des-albanischen-spielers","status":"publish","type":"post","link":"https:\/\/www.albinfo.at\/de\/der-praesident-des-fc-turin-spricht-ueber-die-zukunft-des-albanischen-spielers\/","title":{"rendered":"Der Pr\u00e4sident des FC Turin spricht \u00fcber die Zukunft des albanischen Spielers"},"content":{"rendered":"<p data-start=\"1113\" data-end=\"1350\">Asllani, 23 Jahre alt, schloss sich Torino in dieser Saison per Leihe mit Kaufoption an. Die Klubverantwortlichen sch\u00e4tzen den Spieler, bleiben jedoch zur\u00fcckhaltend in Bezug auf die endg\u00fcltige Entscheidung.<\/p>\n<p data-start=\"1352\" data-end=\"1477\">Cairo lobte seine j\u00fcngsten Auftritte, sowohl in der albanischen Nationalmannschaft als auch bei Torino, berichtet albinfo.ch.<\/p>\n<p data-start=\"1479\" data-end=\"1771\">&#8221; Asllani hat f\u00fcr Albanien sehr gut gespielt, er hat getroffen und ist auf dem Weg in die K.o.-Phase. Gegen Juventus zeigte er eine hervorragende zweite Halbzeit. Wir m\u00f6gen ihn als Spieler, deshalb haben wir ihn ausgeliehen, und er pr\u00e4sentiert sich positiv. Aber alles h\u00e4ngt vom Trainer ab.&#8221;<\/p>\n<p data-start=\"1773\" data-end=\"1879\">Bez\u00fcglich eines m\u00f6glichen festen Kaufs betonte der Pr\u00e4sident, dass es noch zu fr\u00fch f\u00fcr Entscheidungen sei:<\/p>\n<p data-start=\"1881\" data-end=\"2076\">&#8221; Die Kaufoption? Wir sind noch nicht einmal in der Saisonh\u00e4lfte. Wir werden sehen, wie es weitergeht. Er muss konstant gute Leistungen bringen, um uns zu \u00fcberzeugen, ihn dauerhaft zu behalten. &#8220;<\/p>\n<p data-start=\"2078\" data-end=\"2198\" data-is-last-node=\"\" data-is-only-node=\"\">Torino zahlte 1,5 Millionen Euro f\u00fcr die Leihe, w\u00e4hrend die Kaufoption f\u00fcr Asllani auf 12 Millionen Euro festgelegt ist.<\/p>\n","protected":false},"excerpt":{"rendered":"<p>Der Pr\u00e4sident des FC Turin erkl\u00e4rt, ob sie die Kaufoption f\u00fcr Asllani nutzen werden<\/p>\n","protected":false},"author":6,"featured_media":876695,"comment_status":"closed","ping_status":"closed","sticky":false,"template":"","format":"standard","meta":{"footnotes":""},"categories":[4023,24631,1139],"tags":[],"vendi":[],"content_country":[],"class_list":["post-876843","post","type-post","status-publish","format-standard","has-post-thumbnail","hentry","category-futboll-de","category-nachrichten-de-2","category-sport"],"acf":[],"_links":{"self":[{"href":"https:\/\/www.albinfo.at\/de\/wp-json\/wp\/v2\/posts\/876843","targetHints":{"allow":["GET"]}}],"collection":[{"href":"https:\/\/www.albinfo.at\/de\/wp-json\/wp\/v2\/posts"}],"about":[{"href":"https:\/\/www.albinfo.at\/de\/wp-json\/wp\/v2\/types\/post"}],"author":[{"embeddable":true,"href":"https:\/\/www.albinfo.at\/de\/wp-json\/wp\/v2\/users\/6"}],"replies":[{"embeddable":true,"href":"https:\/\/www.albinfo.at\/de\/wp-json\/wp\/v2\/comments?post=876843"}],"version-history":[{"count":1,"href":"https:\/\/www.albinfo.at\/de\/wp-json\/wp\/v2\/posts\/876843\/revisions"}],"predecessor-version":[{"id":876844,"href":"https:\/\/www.albinfo.at\/de\/wp-json\/wp\/v2\/posts\/876843\/revisions\/876844"}],"wp:featuredmedia":[{"embeddable":true,"href":"https:\/\/www.albinfo.at\/de\/wp-json\/wp\/v2\/media\/876695"}],"wp:attachment":[{"href":"https:\/\/www.albinfo.at\/de\/wp-json\/wp\/v2\/media?parent=876843"}],"wp:term":[{"taxonomy":"category","embeddable":true,"href":"https:\/\/www.albinfo.at\/de\/wp-json\/wp\/v2\/categories?post=876843"},{"taxonomy":"post_tag","embeddable":true,"href":"https:\/\/www.albinfo.at\/de\/wp-json\/wp\/v2\/tags?post=876843"},{"taxonomy":"vendi","embeddable":true,"href":"https:\/\/www.albinfo.at\/de\/wp-json\/wp\/v2\/vendi?post=876843"},{"taxonomy":"content_country","embeddable":true,"href":"https:\/\/www.albinfo.at\/de\/wp-json\/wp\/v2\/content_country?post=876843"}],"curies":[{"name":"wp","href":"https:\/\/api.w.org\/{rel}","templated":true}]}}