{"id":876830,"date":"2025-11-22T09:25:03","date_gmt":"2025-11-22T08:25:03","guid":{"rendered":"https:\/\/www.albinfo.ch\/?p=876830"},"modified":"2025-11-22T23:54:23","modified_gmt":"2025-11-22T22:54:23","slug":"die-premier-league-schreibt-ueber-xhaka-dass-er-fuer-jede-mannschaft-unverzichtbar-waere","status":"publish","type":"post","link":"https:\/\/www.albinfo.at\/de\/die-premier-league-schreibt-ueber-xhaka-dass-er-fuer-jede-mannschaft-unverzichtbar-waere\/","title":{"rendered":"Die Premier League schreibt \u00fcber Xhaka, dass er f\u00fcr jede Mannschaft unverzichtbar w\u00e4re"},"content":{"rendered":"<p data-start=\"491\" data-end=\"761\">Die Premier League hat am Donnerstag auf ihren offiziellen Profilen ein Video von Granit Xhaka ver\u00f6ffentlicht, das Tore, Vorlagen, Zweik\u00e4mpfe und weitere Beitr\u00e4ge zeigt, die er in jedem Bereich des Spielfelds leistet, berichtet albinfo.ch.<\/p>\n<p data-start=\"763\" data-end=\"824\">&#8221; Jede Mannschaft braucht Granit Xhaka &#8220;, schreibt das Video.<\/p>\n<p data-start=\"826\" data-end=\"913\">Xhaka ist Kapit\u00e4n von Sunderland und gl\u00e4nzt seit seiner R\u00fcckkehr in die Premier League.<\/p>\n<p data-start=\"915\" data-end=\"993\" data-is-last-node=\"\" data-is-only-node=\"\">&#8221; Granit Xhaka wird ALLES f\u00fcr sein Team tun &#8220;, schreibt die Videobeschreibung.<\/p>\n<p><a href=\"https:\/\/www.facebook.com\/share\/r\/17n5wgnaya\/?mibextid=wwXIfr\">https:\/\/www.facebook.com\/share\/r\/17n5wgnaya\/?mibextid=wwXIfr<\/a><\/p>\n","protected":false},"excerpt":{"rendered":"<p>Die Premier League hat am Donnerstag auf ihren offiziellen Profilen ein Video von Granit Xhaka ver\u00f6ffentlicht, das Tore, Vorlagen, Zweik\u00e4mpfe und weitere Beitr\u00e4ge zeigt, die er in jedem Bereich des Spielfelds leistet, berichtet albinfo.ch. &#8221; Jede Mannschaft braucht Granit Xhaka &#8220;, schreibt das Video. Xhaka ist Kapit\u00e4n von Sunderland und gl\u00e4nzt seit seiner R\u00fcckkehr in [&hellip;]<\/p>\n","protected":false},"author":6,"featured_media":870351,"comment_status":"closed","ping_status":"closed","sticky":false,"template":"","format":"standard","meta":{"footnotes":""},"categories":[4023,24631,1139],"tags":[],"vendi":[],"content_country":[],"class_list":["post-876830","post","type-post","status-publish","format-standard","has-post-thumbnail","hentry","category-futboll-de","category-nachrichten-de-2","category-sport"],"acf":[],"_links":{"self":[{"href":"https:\/\/www.albinfo.at\/de\/wp-json\/wp\/v2\/posts\/876830","targetHints":{"allow":["GET"]}}],"collection":[{"href":"https:\/\/www.albinfo.at\/de\/wp-json\/wp\/v2\/posts"}],"about":[{"href":"https:\/\/www.albinfo.at\/de\/wp-json\/wp\/v2\/types\/post"}],"author":[{"embeddable":true,"href":"https:\/\/www.albinfo.at\/de\/wp-json\/wp\/v2\/users\/6"}],"replies":[{"embeddable":true,"href":"https:\/\/www.albinfo.at\/de\/wp-json\/wp\/v2\/comments?post=876830"}],"version-history":[{"count":1,"href":"https:\/\/www.albinfo.at\/de\/wp-json\/wp\/v2\/posts\/876830\/revisions"}],"predecessor-version":[{"id":876831,"href":"https:\/\/www.albinfo.at\/de\/wp-json\/wp\/v2\/posts\/876830\/revisions\/876831"}],"wp:featuredmedia":[{"embeddable":true,"href":"https:\/\/www.albinfo.at\/de\/wp-json\/wp\/v2\/media\/870351"}],"wp:attachment":[{"href":"https:\/\/www.albinfo.at\/de\/wp-json\/wp\/v2\/media?parent=876830"}],"wp:term":[{"taxonomy":"category","embeddable":true,"href":"https:\/\/www.albinfo.at\/de\/wp-json\/wp\/v2\/categories?post=876830"},{"taxonomy":"post_tag","embeddable":true,"href":"https:\/\/www.albinfo.at\/de\/wp-json\/wp\/v2\/tags?post=876830"},{"taxonomy":"vendi","embeddable":true,"href":"https:\/\/www.albinfo.at\/de\/wp-json\/wp\/v2\/vendi?post=876830"},{"taxonomy":"content_country","embeddable":true,"href":"https:\/\/www.albinfo.at\/de\/wp-json\/wp\/v2\/content_country?post=876830"}],"curies":[{"name":"wp","href":"https:\/\/api.w.org\/{rel}","templated":true}]}}