{"id":876607,"date":"2025-11-21T18:59:23","date_gmt":"2025-11-21T17:59:23","guid":{"rendered":"https:\/\/www.albinfo.ch\/?p=876607"},"modified":"2025-11-21T18:59:56","modified_gmt":"2025-11-21T17:59:56","slug":"der-albanische-fussballer-sorgt-in-der-schweiz-fuer-gespraechsstoff-wird-er-sich-dem-kosovo-anschliessen","status":"publish","type":"post","link":"https:\/\/www.albinfo.at\/de\/der-albanische-fussballer-sorgt-in-der-schweiz-fuer-gespraechsstoff-wird-er-sich-dem-kosovo-anschliessen\/","title":{"rendered":"Der albanische Fussballer sorgt in der Schweiz f\u00fcr Gespr\u00e4chsstoff, wird er sich dem Kosovo anschliessen ?"},"content":{"rendered":"<p data-start=\"2252\" data-end=\"2607\">Der 17-j\u00e4hrige Mittelst\u00fcrmer zeigte im Achtelfinale der U17-Weltmeisterschaft in Katar herausragende Leistungen. Mit seiner doppelten Staatsb\u00fcrgerschaft, schweizerisch und kosovarisch, hat Llukes grosse Aufmerksamkeit erregt, w\u00e4hrend die Schweizer Medien besorgt sind, dass dieses junge Talent sich f\u00fcr den Kosovo entscheiden k\u00f6nnte, berichtet albinfo.ch.<\/p>\n<p data-start=\"2609\" data-end=\"2792\">Das bekannte Schweizer Medium 20minuten widmete dem Sion-Spieler am Donnerstag einen ausf\u00fchrlichen Artikel mit dem provokativen Titel: &#8221; Wird uns Kosovo auch den U17-Helden nehmen ? &#8220;<\/p>\n<p data-start=\"2794\" data-end=\"3032\">Llukes erzielte das erste Tor beim 3:1-Sieg gegen Irland am Dienstagabend und wurde zum besten Spieler der Partie gew\u00e4hlt. Mit inzwischen zwei Toren an dieser Weltmeisterschaft geh\u00f6rt er zu den entscheidendsten Spielern der Schweizer U17.<\/p>\n<p data-start=\"3034\" data-end=\"3266\">20minuten beschreibt Llukes als einen aussergew\u00f6hnlich vielseitigen Spieler, der als Mittelst\u00fcrmer, Zehner, Achter oder sogar auf den Fl\u00fcgeln eingesetzt werden kann. Der Spieler verriet, dass seine Idole Neymar und\u2026 sein Vater sind.<\/p>\n<p data-start=\"3268\" data-end=\"3731\">Das Talent mit kosovarischer Herkunft spielt seit seiner Kindheit beim FC Sion, ebenso wie sein Cousin Batien Thoma, der 157 Eins\u00e4tze in der Schweizer Super League hat. Llukes gab sein Super-League-Deb\u00fct mit 16 Jahren gegen Winterthur und bestritt sein zweites Spiel im Oktober gegen die Grasshoppers, eine Partie, die auch die Aufmerksamkeit des kosovarischen Fussballverbands auf sich zog. Laut 20minuten hat der FFK bereits Kontakt mit dem St\u00fcrmer aufgenommen.<\/p>\n<p data-start=\"3733\" data-end=\"3853\">Llukes betont jedoch, dass er sich im Moment ausschliesslich auf die U17-Weltmeisterschaft mit der Schweiz konzentriert.<\/p>\n<p data-start=\"3855\" data-end=\"4009\">&#8221; Wir sind eine sehr gute Gruppe, wir sind zusammen aufgewachsen. Jetzt ist das Ziel Portugal und wir hoffen, auch diese H\u00fcrde zu meistern &#8220;, erkl\u00e4rte er.<\/p>\n<p data-start=\"4011\" data-end=\"4092\">Die Schweizer U17 spielt am Freitag um 15.45 Uhr im Viertelfinale gegen Portugal.<\/p>\n<p data-start=\"4094\" data-end=\"4236\" data-is-last-node=\"\" data-is-only-node=\"\">In dieser Auswahl spielen auch mehrere weitere Akteure mit albanischer Herkunft: Erblin Sadikaj, Miran Sinani, Nico Lazri und Leonit Ibraimov.<\/p>\n","protected":false},"excerpt":{"rendered":"<p>&#8221; Wird uns Kosovo auch den U17-Helden nehmen ? &#8221; schreibt das Medium 20minuten.<\/p>\n","protected":false},"author":6,"featured_media":876451,"comment_status":"closed","ping_status":"closed","sticky":false,"template":"","format":"standard","meta":{"footnotes":""},"categories":[4023,24631,1139],"tags":[],"vendi":[],"content_country":[],"class_list":["post-876607","post","type-post","status-publish","format-standard","has-post-thumbnail","hentry","category-futboll-de","category-nachrichten-de-2","category-sport"],"acf":[],"_links":{"self":[{"href":"https:\/\/www.albinfo.at\/de\/wp-json\/wp\/v2\/posts\/876607","targetHints":{"allow":["GET"]}}],"collection":[{"href":"https:\/\/www.albinfo.at\/de\/wp-json\/wp\/v2\/posts"}],"about":[{"href":"https:\/\/www.albinfo.at\/de\/wp-json\/wp\/v2\/types\/post"}],"author":[{"embeddable":true,"href":"https:\/\/www.albinfo.at\/de\/wp-json\/wp\/v2\/users\/6"}],"replies":[{"embeddable":true,"href":"https:\/\/www.albinfo.at\/de\/wp-json\/wp\/v2\/comments?post=876607"}],"version-history":[{"count":1,"href":"https:\/\/www.albinfo.at\/de\/wp-json\/wp\/v2\/posts\/876607\/revisions"}],"predecessor-version":[{"id":876608,"href":"https:\/\/www.albinfo.at\/de\/wp-json\/wp\/v2\/posts\/876607\/revisions\/876608"}],"wp:featuredmedia":[{"embeddable":true,"href":"https:\/\/www.albinfo.at\/de\/wp-json\/wp\/v2\/media\/876451"}],"wp:attachment":[{"href":"https:\/\/www.albinfo.at\/de\/wp-json\/wp\/v2\/media?parent=876607"}],"wp:term":[{"taxonomy":"category","embeddable":true,"href":"https:\/\/www.albinfo.at\/de\/wp-json\/wp\/v2\/categories?post=876607"},{"taxonomy":"post_tag","embeddable":true,"href":"https:\/\/www.albinfo.at\/de\/wp-json\/wp\/v2\/tags?post=876607"},{"taxonomy":"vendi","embeddable":true,"href":"https:\/\/www.albinfo.at\/de\/wp-json\/wp\/v2\/vendi?post=876607"},{"taxonomy":"content_country","embeddable":true,"href":"https:\/\/www.albinfo.at\/de\/wp-json\/wp\/v2\/content_country?post=876607"}],"curies":[{"name":"wp","href":"https:\/\/api.w.org\/{rel}","templated":true}]}}