{"id":876429,"date":"2025-11-20T18:26:12","date_gmt":"2025-11-20T17:26:12","guid":{"rendered":"https:\/\/www.albinfo.ch\/?p=876429"},"modified":"2025-11-20T23:28:03","modified_gmt":"2025-11-20T22:28:03","slug":"die-rot-schwarz-mannschaft-trifft-auf-polen-ein-entscheidendes-duell","status":"publish","type":"post","link":"https:\/\/www.albinfo.at\/de\/die-rot-schwarz-mannschaft-trifft-auf-polen-ein-entscheidendes-duell\/","title":{"rendered":"Die Rot Schwarz Mannschaft trifft auf Polen, ein entscheidendes Duell"},"content":{"rendered":"<p data-start=\"1339\" data-end=\"1713\">Die albanische Nationalmannschaft hat heute ihren Gegner in den Play offs der Qualifikation f\u00fcr die Weltmeisterschaft erfahren. Die Auslosung hat sie einer starken Mannschaft gegen\u00fcbergestellt, n\u00e4mlich Polen. Die Rot Schwarz Mannschaft ist nur zwei Spiele vom gro\u00dfen WM Traum entfernt und das Duell gegen Polen gilt als die gr\u00f6\u00dfte Pr\u00fcfung dieses Weges, berichtet albinfo.ch.<\/p>\n<p data-start=\"1715\" data-end=\"1759\">Polen\u00a0 Albanien: Ein Duell auf hohem Niveau<\/p>\n<p data-start=\"1761\" data-end=\"2080\">Albanien wird nach Polen reisen f\u00fcr ein Spiel, das intensiv und taktisch anspruchsvoll erwartet wird. Polen, mit seinen Stars und einer langen Tradition auf der internationalen B\u00fchne, gilt als ein schwieriger Gegner. Doch die Rot Schwarz Mannschaft hat mehrfach bewiesen, dass sie sich gegen gro\u00dfe Teams behaupten kann.<\/p>\n<p data-start=\"2082\" data-end=\"2373\">Unter der Leitung des aktuellen Trainers hat Albanien Organisation, Disziplin und eine kontinuierliche Entwicklung gezeigt. Die albanische Auswahl st\u00fctzt sich auf eine Gruppe junger und ehrgeiziger Spieler, die in einigen der st\u00e4rksten europ\u00e4ischen Ligen wertvolle Erfahrung gesammelt haben.<\/p>\n","protected":false},"excerpt":{"rendered":"<p>L\u2019Albanie d\u00e9couvre son adversaire pour la demi finale et la possible finale des barrages de la Coupe du monde<\/p>\n","protected":false},"author":6,"featured_media":747647,"comment_status":"closed","ping_status":"closed","sticky":false,"template":"","format":"standard","meta":{"footnotes":""},"categories":[34930,24631,1139],"tags":[],"vendi":[],"content_country":[],"class_list":["post-876429","post","type-post","status-publish","format-standard","has-post-thumbnail","hentry","category-futboll-4","category-nachrichten-de-2","category-sport"],"acf":[],"_links":{"self":[{"href":"https:\/\/www.albinfo.at\/de\/wp-json\/wp\/v2\/posts\/876429","targetHints":{"allow":["GET"]}}],"collection":[{"href":"https:\/\/www.albinfo.at\/de\/wp-json\/wp\/v2\/posts"}],"about":[{"href":"https:\/\/www.albinfo.at\/de\/wp-json\/wp\/v2\/types\/post"}],"author":[{"embeddable":true,"href":"https:\/\/www.albinfo.at\/de\/wp-json\/wp\/v2\/users\/6"}],"replies":[{"embeddable":true,"href":"https:\/\/www.albinfo.at\/de\/wp-json\/wp\/v2\/comments?post=876429"}],"version-history":[{"count":1,"href":"https:\/\/www.albinfo.at\/de\/wp-json\/wp\/v2\/posts\/876429\/revisions"}],"predecessor-version":[{"id":876430,"href":"https:\/\/www.albinfo.at\/de\/wp-json\/wp\/v2\/posts\/876429\/revisions\/876430"}],"wp:featuredmedia":[{"embeddable":true,"href":"https:\/\/www.albinfo.at\/de\/wp-json\/wp\/v2\/media\/747647"}],"wp:attachment":[{"href":"https:\/\/www.albinfo.at\/de\/wp-json\/wp\/v2\/media?parent=876429"}],"wp:term":[{"taxonomy":"category","embeddable":true,"href":"https:\/\/www.albinfo.at\/de\/wp-json\/wp\/v2\/categories?post=876429"},{"taxonomy":"post_tag","embeddable":true,"href":"https:\/\/www.albinfo.at\/de\/wp-json\/wp\/v2\/tags?post=876429"},{"taxonomy":"vendi","embeddable":true,"href":"https:\/\/www.albinfo.at\/de\/wp-json\/wp\/v2\/vendi?post=876429"},{"taxonomy":"content_country","embeddable":true,"href":"https:\/\/www.albinfo.at\/de\/wp-json\/wp\/v2\/content_country?post=876429"}],"curies":[{"name":"wp","href":"https:\/\/api.w.org\/{rel}","templated":true}]}}