{"id":876166,"date":"2025-11-19T22:27:43","date_gmt":"2025-11-19T21:27:43","guid":{"rendered":"https:\/\/www.albinfo.ch\/?p=876166"},"modified":"2025-11-20T00:30:30","modified_gmt":"2025-11-19T23:30:30","slug":"kosovo-erreicht-einen-rekord-in-der-fifa-weltrangliste","status":"publish","type":"post","link":"https:\/\/www.albinfo.at\/de\/kosovo-erreicht-einen-rekord-in-der-fifa-weltrangliste\/","title":{"rendered":"Kosovo erreicht einen Rekord in der FIFA-Weltrangliste"},"content":{"rendered":"<p data-start=\"1453\" data-end=\"1705\">Der Aufstieg Kosovos wurde auch in der neuen FIFA-Weltrangliste best\u00e4tigt, die am Mittwoch ver\u00f6ffentlicht wurde. Mit der aktualisierten Liste belegt Kosovo nun den 80. Platz, vier Positionen h\u00f6her als in der Rangliste vom 17. Oktober.<\/p>\n<p data-start=\"1707\" data-end=\"2078\">Der 84. Platz im Vormonat war historisch. Ein weiteres Kapitel in der FIFA-Rangliste wurde an diesem Mittwoch geschrieben, erreicht durch den historischen Erfolg Kosovos. In den letzten Novemberpartien gewann Kosovo ausw\u00e4rts gegen Slowenien mit 2:0 im Stadion \u201cSto\u017eice\u201d in Ljubljana am 15. November und spielte am 18. November 1:1 gegen die Schweiz, berichtet albinfo.ch.<\/p>\n<p data-start=\"2080\" data-end=\"2376\">Albanien ist in der neuen Weltrangliste des Weltfu\u00dfballs um zwei Pl\u00e4tze gefallen. Im Vormonat lag das Team auf Rang 61, nun belegt es den 63. Platz. Albanien gewann am 13. November ausw\u00e4rts 1:0 gegen Andorra, verlor jedoch am 16. November im \u201cAir Albania\u201d-Stadion in Tirana mit 2:0 gegen England.<\/p>\n<p data-start=\"2378\" data-end=\"2547\">Sowohl Kosovo als auch Albanien haben sich f\u00fcr die Playoffs der WM 2026 qualifiziert \u2013 ein historischer Erfolg, denn eine solche Leistung wurde bisher noch nie erreicht.<\/p>\n<p data-start=\"2549\" data-end=\"2705\">Die FIFA-Weltrangliste wird weiterhin von Spanien angef\u00fchrt. Dahinter folgen Argentinien, Frankreich, England und Brasilien, die die Top f\u00fcnf komplettieren.<\/p>\n<p data-start=\"2707\" data-end=\"2808\" data-is-last-node=\"\" data-is-only-node=\"\">Portugal, die Niederlande, Belgien, Deutschland und Kroatien bilden die Top zehn im November-Ranking.<\/p>\n","protected":false},"excerpt":{"rendered":"<p>Mit der neuen FIFA-Weltrangliste belegt Kosovo nun den 80. Platz, vier Positionen h\u00f6her als in der am 17. Oktober ver\u00f6ffentlichten Rangliste.<\/p>\n","protected":false},"author":6,"featured_media":875830,"comment_status":"closed","ping_status":"closed","sticky":false,"template":"","format":"standard","meta":{"footnotes":""},"categories":[4023,1139],"tags":[],"vendi":[],"content_country":[],"class_list":["post-876166","post","type-post","status-publish","format-standard","has-post-thumbnail","hentry","category-futboll-de","category-sport"],"acf":[],"_links":{"self":[{"href":"https:\/\/www.albinfo.at\/de\/wp-json\/wp\/v2\/posts\/876166","targetHints":{"allow":["GET"]}}],"collection":[{"href":"https:\/\/www.albinfo.at\/de\/wp-json\/wp\/v2\/posts"}],"about":[{"href":"https:\/\/www.albinfo.at\/de\/wp-json\/wp\/v2\/types\/post"}],"author":[{"embeddable":true,"href":"https:\/\/www.albinfo.at\/de\/wp-json\/wp\/v2\/users\/6"}],"replies":[{"embeddable":true,"href":"https:\/\/www.albinfo.at\/de\/wp-json\/wp\/v2\/comments?post=876166"}],"version-history":[{"count":1,"href":"https:\/\/www.albinfo.at\/de\/wp-json\/wp\/v2\/posts\/876166\/revisions"}],"predecessor-version":[{"id":876168,"href":"https:\/\/www.albinfo.at\/de\/wp-json\/wp\/v2\/posts\/876166\/revisions\/876168"}],"wp:featuredmedia":[{"embeddable":true,"href":"https:\/\/www.albinfo.at\/de\/wp-json\/wp\/v2\/media\/875830"}],"wp:attachment":[{"href":"https:\/\/www.albinfo.at\/de\/wp-json\/wp\/v2\/media?parent=876166"}],"wp:term":[{"taxonomy":"category","embeddable":true,"href":"https:\/\/www.albinfo.at\/de\/wp-json\/wp\/v2\/categories?post=876166"},{"taxonomy":"post_tag","embeddable":true,"href":"https:\/\/www.albinfo.at\/de\/wp-json\/wp\/v2\/tags?post=876166"},{"taxonomy":"vendi","embeddable":true,"href":"https:\/\/www.albinfo.at\/de\/wp-json\/wp\/v2\/vendi?post=876166"},{"taxonomy":"content_country","embeddable":true,"href":"https:\/\/www.albinfo.at\/de\/wp-json\/wp\/v2\/content_country?post=876166"}],"curies":[{"name":"wp","href":"https:\/\/api.w.org\/{rel}","templated":true}]}}