{"id":875842,"date":"2025-11-18T23:15:07","date_gmt":"2025-11-18T22:15:07","guid":{"rendered":"https:\/\/www.albinfo.ch\/?p=875842"},"modified":"2025-11-18T23:16:16","modified_gmt":"2025-11-18T22:16:16","slug":"kosovo-haelt-den-wm-traum-nach-dem-11-unentschieden-gegen-die-schweiz-am-leben","status":"publish","type":"post","link":"https:\/\/www.albinfo.at\/de\/kosovo-haelt-den-wm-traum-nach-dem-11-unentschieden-gegen-die-schweiz-am-leben\/","title":{"rendered":"Kosovo h\u00e4lt den WM Traum nach dem 1:1 Unentschieden gegen die Schweiz am Leben"},"content":{"rendered":"<p data-start=\"882\" data-end=\"1133\">Die Nationalmannschaft des Kosovo beendete das Spiel gegen die Schweiz mit einem 1:1 Unentschieden und sicherte sich damit ein wichtiges Resultat im Fadil Vokrri Stadion, wodurch die Hoffnung auf die Play offs der WM 2026 weiterlebt.<\/p>\n<p data-start=\"1135\" data-end=\"1404\">Die Schweiz ging in der 47. Minute in F\u00fchrung, als Ruben Vargas nach einem Zuspiel von Djibril Sow den Ball kontrollierte und ihn ruhig durch die Beine von Torh\u00fcter Muriq ins Netz schob. Es war sein elftes Tor f\u00fcr die Schweizer Nationalmannschaft, berichtet albinfo.ch.<\/p>\n<p data-start=\"1406\" data-end=\"1622\">Kosovo reagierte jedoch und in der 74. Minute glich Florent Muslija aus, was neue Hoffnung auf ein positives Ergebnis entfachte und eine spannende Ausgangslage f\u00fcr die Play off Auslosung im kommenden M\u00e4rz garantiert.<\/p>\n<p data-start=\"1624\" data-end=\"1804\" data-is-last-node=\"\" data-is-only-node=\"\">Dieses Unentschieden zeigt eine stabile Leistung der kosovarischen Mannschaft und l\u00e4sst die Auswahl in einer guten Position, um um einen Platz bei der Weltmeisterschaft zu k\u00e4mpfen.<\/p>\n<p>&nbsp;<\/p>\n<p>&nbsp;<\/p>\n","protected":false},"excerpt":{"rendered":"<p>Die Nationalmannschaft des Kosovo beendete das Spiel gegen die Schweiz mit einem 1:1 Unentschieden und sicherte sich damit ein wichtiges Resultat im Fadil Vokrri Stadion, wodurch die Hoffnung auf die Play offs der WM 2026 weiterlebt. Die Schweiz ging in der 47. Minute in F\u00fchrung, als Ruben Vargas nach einem Zuspiel von Djibril Sow den [&hellip;]<\/p>\n","protected":false},"author":6,"featured_media":875830,"comment_status":"closed","ping_status":"closed","sticky":false,"template":"","format":"standard","meta":{"footnotes":""},"categories":[33056,34930,23263,1130,3952,23269,4023,23262,24621,24635,1129,1139],"tags":[],"vendi":[],"content_country":[],"class_list":["post-875842","post","type-post","status-publish","format-standard","has-post-thumbnail","hentry","category-de-balkani-de","category-futboll-4","category-kosova-de-2","category-aktuell","category-kosova-de","category-news","category-futboll-de","category-at-balkani-de","category-kosova-de-3","category-nachrichten-de-3","category-ch-balkan","category-sport"],"acf":[],"_links":{"self":[{"href":"https:\/\/www.albinfo.at\/de\/wp-json\/wp\/v2\/posts\/875842","targetHints":{"allow":["GET"]}}],"collection":[{"href":"https:\/\/www.albinfo.at\/de\/wp-json\/wp\/v2\/posts"}],"about":[{"href":"https:\/\/www.albinfo.at\/de\/wp-json\/wp\/v2\/types\/post"}],"author":[{"embeddable":true,"href":"https:\/\/www.albinfo.at\/de\/wp-json\/wp\/v2\/users\/6"}],"replies":[{"embeddable":true,"href":"https:\/\/www.albinfo.at\/de\/wp-json\/wp\/v2\/comments?post=875842"}],"version-history":[{"count":1,"href":"https:\/\/www.albinfo.at\/de\/wp-json\/wp\/v2\/posts\/875842\/revisions"}],"predecessor-version":[{"id":875843,"href":"https:\/\/www.albinfo.at\/de\/wp-json\/wp\/v2\/posts\/875842\/revisions\/875843"}],"wp:featuredmedia":[{"embeddable":true,"href":"https:\/\/www.albinfo.at\/de\/wp-json\/wp\/v2\/media\/875830"}],"wp:attachment":[{"href":"https:\/\/www.albinfo.at\/de\/wp-json\/wp\/v2\/media?parent=875842"}],"wp:term":[{"taxonomy":"category","embeddable":true,"href":"https:\/\/www.albinfo.at\/de\/wp-json\/wp\/v2\/categories?post=875842"},{"taxonomy":"post_tag","embeddable":true,"href":"https:\/\/www.albinfo.at\/de\/wp-json\/wp\/v2\/tags?post=875842"},{"taxonomy":"vendi","embeddable":true,"href":"https:\/\/www.albinfo.at\/de\/wp-json\/wp\/v2\/vendi?post=875842"},{"taxonomy":"content_country","embeddable":true,"href":"https:\/\/www.albinfo.at\/de\/wp-json\/wp\/v2\/content_country?post=875842"}],"curies":[{"name":"wp","href":"https:\/\/api.w.org\/{rel}","templated":true}]}}