{"id":875723,"date":"2025-11-18T20:01:49","date_gmt":"2025-11-18T19:01:49","guid":{"rendered":"https:\/\/www.albinfo.ch\/?p=875723"},"modified":"2025-11-18T20:04:41","modified_gmt":"2025-11-18T19:04:41","slug":"die-offiziellen-aufstellungen-kosovo-schweiz","status":"publish","type":"post","link":"https:\/\/www.albinfo.at\/de\/die-offiziellen-aufstellungen-kosovo-schweiz\/","title":{"rendered":"Die offiziellen Aufstellungen Kosovo-Schweiz"},"content":{"rendered":"<p data-start=\"592\" data-end=\"746\">Die Aufstellungen f\u00fcr das Spiel Kosovo &#8211; Schweiz, das um 20.45 Uhr im Stadion Fadil Vokrri in Pristina stattfindet, wurden ver\u00f6ffentlicht.<\/p>\n<p data-start=\"748\" data-end=\"898\">Franco Foda hat \u00c4nderungen in der Startelf vorgenommen. Er schont Albian Hajdari in der Abwehr und Leon Avdullahu im Mittelfeld, berichtet albinfo.ch.<\/p>\n<p data-start=\"900\" data-end=\"1016\">F\u00fcr Hajdari spielt Fidan Aliti, w\u00e4hrend Veldin Hoxha anstelle von Avdullahu beginnt. Aro Muriq kehrt ins Tor zur\u00fcck.<\/p>\n<p data-start=\"1018\" data-end=\"1129\">Kosovo tritt wie in den letzten Spielen im System 5 &#8211; 3 &#8211; 2 an. Den Angriff f\u00fchren Vedat Muriqi und Fisnik Asllani.<\/p>\n<p data-start=\"1131\" data-end=\"1206\" data-is-last-node=\"\" data-is-only-node=\"\">Bei der Schweiz ist Kapit\u00e4n Granit Xhaka wie gewohnt in der Startformation.<\/p>\n","protected":false},"excerpt":{"rendered":"<p>Die offiziellen Aufstellungen f\u00fcr das Spiel Kosovo\u2013Schweiz, das um 20.45 Uhr stattfindet, wurden ver\u00f6ffentlicht<\/p>\n","protected":false},"author":6,"featured_media":858024,"comment_status":"closed","ping_status":"closed","sticky":false,"template":"","format":"standard","meta":{"footnotes":""},"categories":[4023,1139],"tags":[],"vendi":[],"content_country":[],"class_list":["post-875723","post","type-post","status-publish","format-standard","has-post-thumbnail","hentry","category-futboll-de","category-sport"],"acf":[],"_links":{"self":[{"href":"https:\/\/www.albinfo.at\/de\/wp-json\/wp\/v2\/posts\/875723","targetHints":{"allow":["GET"]}}],"collection":[{"href":"https:\/\/www.albinfo.at\/de\/wp-json\/wp\/v2\/posts"}],"about":[{"href":"https:\/\/www.albinfo.at\/de\/wp-json\/wp\/v2\/types\/post"}],"author":[{"embeddable":true,"href":"https:\/\/www.albinfo.at\/de\/wp-json\/wp\/v2\/users\/6"}],"replies":[{"embeddable":true,"href":"https:\/\/www.albinfo.at\/de\/wp-json\/wp\/v2\/comments?post=875723"}],"version-history":[{"count":1,"href":"https:\/\/www.albinfo.at\/de\/wp-json\/wp\/v2\/posts\/875723\/revisions"}],"predecessor-version":[{"id":875724,"href":"https:\/\/www.albinfo.at\/de\/wp-json\/wp\/v2\/posts\/875723\/revisions\/875724"}],"wp:featuredmedia":[{"embeddable":true,"href":"https:\/\/www.albinfo.at\/de\/wp-json\/wp\/v2\/media\/858024"}],"wp:attachment":[{"href":"https:\/\/www.albinfo.at\/de\/wp-json\/wp\/v2\/media?parent=875723"}],"wp:term":[{"taxonomy":"category","embeddable":true,"href":"https:\/\/www.albinfo.at\/de\/wp-json\/wp\/v2\/categories?post=875723"},{"taxonomy":"post_tag","embeddable":true,"href":"https:\/\/www.albinfo.at\/de\/wp-json\/wp\/v2\/tags?post=875723"},{"taxonomy":"vendi","embeddable":true,"href":"https:\/\/www.albinfo.at\/de\/wp-json\/wp\/v2\/vendi?post=875723"},{"taxonomy":"content_country","embeddable":true,"href":"https:\/\/www.albinfo.at\/de\/wp-json\/wp\/v2\/content_country?post=875723"}],"curies":[{"name":"wp","href":"https:\/\/api.w.org\/{rel}","templated":true}]}}