{"id":875679,"date":"2025-11-18T17:39:31","date_gmt":"2025-11-18T16:39:31","guid":{"rendered":"https:\/\/www.albinfo.ch\/?p=875679"},"modified":"2025-11-18T18:43:01","modified_gmt":"2025-11-18T17:43:01","slug":"kosovo-und-die-schweiz-treffen-heute-aufeinander-mehr-als-nur-ein-spiel","status":"publish","type":"post","link":"https:\/\/www.albinfo.at\/de\/kosovo-und-die-schweiz-treffen-heute-aufeinander-mehr-als-nur-ein-spiel\/","title":{"rendered":"Kosovo und die Schweiz treffen heute aufeinander, mehr als nur ein Spiel"},"content":{"rendered":"<p data-start=\"1001\" data-end=\"1143\">Die Schweiz und Kosovo stehen sich heute in einem Spiel gegen\u00fcber, das weit mehr symbolisiert als eine sportliche Rivalit\u00e4t.<\/p>\n<p data-start=\"1145\" data-end=\"1365\">Diese Begegnung spiegelt die tiefen menschlichen, kulturellen und emotionalen Verbindungen zwischen den beiden L\u00e4ndern wider, die seit Jahrzehnten durch die Diaspora und gemeinsame Geschichten miteinander verbunden sind.<\/p>\n<p data-start=\"1367\" data-end=\"1891\">Die Schweiz ist seit vielen Jahren die Heimat zahlreicher Spieler mit kosovarischen Wurzeln, die dem Schweizer Fu\u00dfball eine besondere Dimension verliehen haben. Namen wie Granit Xhaka und Valon Behrami sind zu einem festen Bestandteil der helvetischen Fu\u00dfballgeschichte geworden und tragen ihre Herkunft mit Stolz. Auf der anderen Seite hat die kosovarische Nationalmannschaft Spieler in ihren Reihen, die genau in der Schweiz geboren oder aufgewachsen sind, ein nat\u00fcrlicher Ausdruck der Br\u00fccken, die beide L\u00e4nder verbinden.<\/p>\n<p data-start=\"1893\" data-end=\"2126\" data-is-last-node=\"\" data-is-only-node=\"\">Dieses Spiel erinnert auf sch\u00f6ne Weise daran, wie der Fu\u00dfball Grenzen \u00fcberwindet und Menschen jenseits von Identit\u00e4ten, Sprachen und unterschiedlichen Lebensgeschichten zusammenf\u00fchrt, schreibt die Botschaft des Kosovo in der Schweiz. \/Albinfo.ch<\/p>\n","protected":false},"excerpt":{"rendered":"<p>Die Schweiz und Kosovo, eine Verbindung, die \u00fcber das Spielfeld hinausgeht<\/p>\n","protected":false},"author":6,"featured_media":875580,"comment_status":"closed","ping_status":"closed","sticky":false,"template":"","format":"standard","meta":{"footnotes":""},"categories":[4023,24631,1139],"tags":[],"vendi":[],"content_country":[],"class_list":["post-875679","post","type-post","status-publish","format-standard","has-post-thumbnail","hentry","category-futboll-de","category-nachrichten-de-2","category-sport"],"acf":[],"_links":{"self":[{"href":"https:\/\/www.albinfo.at\/de\/wp-json\/wp\/v2\/posts\/875679","targetHints":{"allow":["GET"]}}],"collection":[{"href":"https:\/\/www.albinfo.at\/de\/wp-json\/wp\/v2\/posts"}],"about":[{"href":"https:\/\/www.albinfo.at\/de\/wp-json\/wp\/v2\/types\/post"}],"author":[{"embeddable":true,"href":"https:\/\/www.albinfo.at\/de\/wp-json\/wp\/v2\/users\/6"}],"replies":[{"embeddable":true,"href":"https:\/\/www.albinfo.at\/de\/wp-json\/wp\/v2\/comments?post=875679"}],"version-history":[{"count":1,"href":"https:\/\/www.albinfo.at\/de\/wp-json\/wp\/v2\/posts\/875679\/revisions"}],"predecessor-version":[{"id":875681,"href":"https:\/\/www.albinfo.at\/de\/wp-json\/wp\/v2\/posts\/875679\/revisions\/875681"}],"wp:featuredmedia":[{"embeddable":true,"href":"https:\/\/www.albinfo.at\/de\/wp-json\/wp\/v2\/media\/875580"}],"wp:attachment":[{"href":"https:\/\/www.albinfo.at\/de\/wp-json\/wp\/v2\/media?parent=875679"}],"wp:term":[{"taxonomy":"category","embeddable":true,"href":"https:\/\/www.albinfo.at\/de\/wp-json\/wp\/v2\/categories?post=875679"},{"taxonomy":"post_tag","embeddable":true,"href":"https:\/\/www.albinfo.at\/de\/wp-json\/wp\/v2\/tags?post=875679"},{"taxonomy":"vendi","embeddable":true,"href":"https:\/\/www.albinfo.at\/de\/wp-json\/wp\/v2\/vendi?post=875679"},{"taxonomy":"content_country","embeddable":true,"href":"https:\/\/www.albinfo.at\/de\/wp-json\/wp\/v2\/content_country?post=875679"}],"curies":[{"name":"wp","href":"https:\/\/api.w.org\/{rel}","templated":true}]}}