{"id":875566,"date":"2025-11-17T21:20:43","date_gmt":"2025-11-17T20:20:43","guid":{"rendered":"https:\/\/www.albinfo.ch\/?p=875566"},"modified":"2025-11-17T23:16:58","modified_gmt":"2025-11-17T22:16:58","slug":"harry-bajraktari-wird-von-praesidentin-vjosa-osmani-mit-dem-freiheitsorden-ausgezeichnet","status":"publish","type":"post","link":"https:\/\/www.albinfo.at\/de\/harry-bajraktari-wird-von-praesidentin-vjosa-osmani-mit-dem-freiheitsorden-ausgezeichnet\/","title":{"rendered":"Harry Bajraktari wird von Pr\u00e4sidentin Vjosa Osmani mit dem Freiheitsorden ausgezeichnet"},"content":{"rendered":"<p data-start=\"1112\" data-end=\"1356\">Heute hat die Pr\u00e4sidentin der Republik Kosovo, Vjosa Osmani, Harry Bajraktari mit dem Freiheitsorden ausgezeichnet und damit seinen au\u00dfergew\u00f6hnlichen Beitrag zur Freiheit, Unabh\u00e4ngigkeit und Staatsbildung des Kosovo gew\u00fcrdigt.<\/p>\n<p data-start=\"1358\" data-end=\"1730\">Pr\u00e4sidentin Osmani betonte die Rolle Bajraktaris in den vergangenen Jahrzehnten: &#8221; Seit mehr als drei Jahrzehnten ist Herr Bajraktari eine der st\u00e4rksten Stimmen des Kosovo in den Vereinigten Staaten. Bereits in den fr\u00fchen Jahren arbeitete er eng mit dem historischen Pr\u00e4sidenten Ibrahim Rugova zusammen und vertrat die kosovarische Sache in einer \u00e4u\u00dferst sensiblen Zeit. &#8220;<\/p>\n<p data-start=\"1732\" data-end=\"2128\">Pr\u00e4sidentin Osmani erinnerte zudem an sein Engagement f\u00fcr die Befreiungsarmee des Kosovo und f\u00fcr die albanisch amerikanische Gemeinschaft: &#8221; Er hat wichtige Br\u00fccken der Zusammenarbeit mit dem Wei\u00dfen Haus, dem US Kongress und anderen F\u00fchrungspers\u00f6nlichkeiten in den Vereinigten Staaten aufgebaut, den Kosovo in entscheidenden Momenten unterst\u00fctzt und stets an der Seite unseres Volkes gestanden. &#8220;<\/p>\n<p data-start=\"2130\" data-end=\"2238\" data-is-last-node=\"\" data-is-only-node=\"\">Harry Bajraktari zeigte sich dankbar f\u00fcr die Auszeichnung und f\u00fcr sein anhaltendes Engagement f\u00fcr sein Land.<\/p>\n<p>&nbsp;<\/p>\n","protected":false},"excerpt":{"rendered":"<p>Heute hat die Pr\u00e4sidentin der Republik Kosovo, Vjosa Osmani, Harry Bajraktari mit dem Freiheitsorden ausgezeichnet und damit seinen au\u00dfergew\u00f6hnlichen Beitrag zur Freiheit, Unabh\u00e4ngigkeit und Staatsbildung des Kosovo gew\u00fcrdigt. Pr\u00e4sidentin Osmani betonte die Rolle Bajraktaris in den vergangenen Jahrzehnten: &#8221; Seit mehr als drei Jahrzehnten ist Herr Bajraktari eine der st\u00e4rksten Stimmen des Kosovo in den [&hellip;]<\/p>\n","protected":false},"author":6,"featured_media":875533,"comment_status":"closed","ping_status":"closed","sticky":false,"template":"","format":"standard","meta":{"footnotes":""},"categories":[33056,23263,24636,1130,3952,23269,23262,24621,24635,1129,1133],"tags":[],"vendi":[],"content_country":[],"class_list":["post-875566","post","type-post","status-publish","format-standard","has-post-thumbnail","hentry","category-de-balkani-de","category-kosova-de-2","category-nachrichten-de-4","category-aktuell","category-kosova-de","category-news","category-at-balkani-de","category-kosova-de-3","category-nachrichten-de-3","category-ch-balkan","category-e-diaspora-de"],"acf":[],"_links":{"self":[{"href":"https:\/\/www.albinfo.at\/de\/wp-json\/wp\/v2\/posts\/875566","targetHints":{"allow":["GET"]}}],"collection":[{"href":"https:\/\/www.albinfo.at\/de\/wp-json\/wp\/v2\/posts"}],"about":[{"href":"https:\/\/www.albinfo.at\/de\/wp-json\/wp\/v2\/types\/post"}],"author":[{"embeddable":true,"href":"https:\/\/www.albinfo.at\/de\/wp-json\/wp\/v2\/users\/6"}],"replies":[{"embeddable":true,"href":"https:\/\/www.albinfo.at\/de\/wp-json\/wp\/v2\/comments?post=875566"}],"version-history":[{"count":1,"href":"https:\/\/www.albinfo.at\/de\/wp-json\/wp\/v2\/posts\/875566\/revisions"}],"predecessor-version":[{"id":875567,"href":"https:\/\/www.albinfo.at\/de\/wp-json\/wp\/v2\/posts\/875566\/revisions\/875567"}],"wp:featuredmedia":[{"embeddable":true,"href":"https:\/\/www.albinfo.at\/de\/wp-json\/wp\/v2\/media\/875533"}],"wp:attachment":[{"href":"https:\/\/www.albinfo.at\/de\/wp-json\/wp\/v2\/media?parent=875566"}],"wp:term":[{"taxonomy":"category","embeddable":true,"href":"https:\/\/www.albinfo.at\/de\/wp-json\/wp\/v2\/categories?post=875566"},{"taxonomy":"post_tag","embeddable":true,"href":"https:\/\/www.albinfo.at\/de\/wp-json\/wp\/v2\/tags?post=875566"},{"taxonomy":"vendi","embeddable":true,"href":"https:\/\/www.albinfo.at\/de\/wp-json\/wp\/v2\/vendi?post=875566"},{"taxonomy":"content_country","embeddable":true,"href":"https:\/\/www.albinfo.at\/de\/wp-json\/wp\/v2\/content_country?post=875566"}],"curies":[{"name":"wp","href":"https:\/\/api.w.org\/{rel}","templated":true}]}}