{"id":875511,"date":"2025-11-17T18:57:18","date_gmt":"2025-11-17T17:57:18","guid":{"rendered":"https:\/\/www.albinfo.ch\/?p=875511"},"modified":"2025-11-17T18:58:50","modified_gmt":"2025-11-17T17:58:50","slug":"albanien-gehoert-zu-den-zwoelf-besten-europaeischen-reisezielen-fuer-den-sommerurlaub-2026","status":"publish","type":"post","link":"https:\/\/www.albinfo.at\/de\/albanien-gehoert-zu-den-zwoelf-besten-europaeischen-reisezielen-fuer-den-sommerurlaub-2026\/","title":{"rendered":"Albanien geh\u00f6rt zu den zw\u00f6lf besten europ\u00e4ischen Reisezielen f\u00fcr den Sommerurlaub 2026"},"content":{"rendered":"<p data-start=\"2935\" data-end=\"3110\">Der Sommer ist zweifellos eine der besten Jahreszeiten f\u00fcr Strandferien, schreibt Francesca Ferri in einem Artikel der italienischen Tageszeitung Wom Travel.<\/p>\n<p data-start=\"3112\" data-end=\"3269\">Im Juli sind die Tage lang und sonnig, die Temperaturen laden zum Baden in warmem Wasser ein und die Reiseziele sind lebhaft, jedoch ohne \u00fcberf\u00fcllte Str\u00e4nde.<\/p>\n<p data-start=\"3271\" data-end=\"3387\">Dieses perfekte Gleichgewicht macht diese Zeit ideal, um die Perlen des Mittelmeers und dar\u00fcber hinaus zu entdecken.<\/p>\n<p data-start=\"3389\" data-end=\"3628\">Wenn Sie sich entscheiden, im Juli zu reisen, besonders in der ersten Monatsh\u00e4lfte, k\u00f6nnen Sie einige der beeindruckendsten Str\u00e4nde genie\u00dfen, mit kristallklarem Wasser und oft erschwinglicheren Preisen, schreibt ATSH, berichtet albinfo.ch.<\/p>\n<p data-start=\"3630\" data-end=\"3780\">Ob Sie Entspannung, Abenteuer, ein lebhaftes Nachtleben oder einen romantischen Kurzurlaub suchen, es gibt f\u00fcr jedes Bed\u00fcrfnis das passende Reiseziel.<\/p>\n<p data-start=\"3782\" data-end=\"3925\">Von wilden und unber\u00fchrten Inseln bis zu den festlichsten und verf\u00fchrerischen K\u00fcsten bietet Europa eine unglaubliche Vielfalt an M\u00f6glichkeiten.<\/p>\n<p data-start=\"3927\" data-end=\"4063\">Wir empfehlen Ihnen die besten Strandurlaubsziele in Italien und Europa f\u00fcr 2026, damit Sie einen unvergesslichen Sommer erleben k\u00f6nnen.<\/p>\n<p data-start=\"4065\" data-end=\"4203\">Das italienische Reisemagazin Wom Travel hat die albanische Riviera unter die zw\u00f6lf besten europ\u00e4ischen Sommerreiseziele f\u00fcr 2026 gew\u00e4hlt.<\/p>\n<p data-start=\"4205\" data-end=\"4233\">Albanische Riviera, Albanien<\/p>\n<p data-start=\"4235\" data-end=\"4403\">F\u00fcr Reisende, die ein neues Reiseziel suchen, mit karibik\u00e4hnlichem Meer und sehr konkurrenzf\u00e4higen Preisen, bleibt die albanische Riviera eine \u00fcberraschende Entdeckung.<\/p>\n<p data-start=\"4405\" data-end=\"4651\">Dieser K\u00fcstenabschnitt im S\u00fcden Albaniens mit Blick auf das Ionische Meer bietet Str\u00e4nde und Landschaften, die mit denen des benachbarten Griechenlands konkurrieren, jedoch mit einer authentischeren Atmosph\u00e4re und deutlich weniger Menschenmassen.<\/p>\n<p data-start=\"4653\" data-end=\"4762\">Der Juli ist der ideale Monat, um die albanische K\u00fcste zu erkunden, mit warmem Wetter und langen Sonnentagen.<\/p>\n<p data-start=\"4764\" data-end=\"5038\">Die wichtigsten Anziehungspunkte sind Saranda, das lebhafteste und touristischste Zentrum, und Ksamil, ber\u00fchmt f\u00fcr sein kristallklares Wasser und seine Inselchen, die schwimmend oder per Boot erreichbar sind und von Reiseexperten als die Malediven Europas bezeichnet werden.<\/p>\n<p data-start=\"5040\" data-end=\"5219\">Entlang der K\u00fcstenstra\u00dfe, die vom Llogara Pass hinunterf\u00fchrt, finden Sie herrliche Str\u00e4nde wie Dh\u00ebrmi, Jala und Himara, oft eingebettet in Buchten, die von viel Gr\u00fcn umgeben sind.<\/p>\n<p data-start=\"5221\" data-end=\"5425\">Abseits des Meeres bietet die Region arch\u00e4ologische St\u00e4tten wie Butrint, ein UNESCO Welterbe, sowie den Charme eines Reiseziels, das sich rasch entwickelt und dennoch seine authentische Seele bewahrt hat.<\/p>\n<p data-start=\"5427\" data-end=\"5511\">Albanien ist die ideale Wahl f\u00fcr g\u00fcnstige, aber qualitativ hochwertige Strandferien.<\/p>\n<p data-start=\"5513\" data-end=\"5882\" data-is-last-node=\"\" data-is-only-node=\"\">1 Albanische Riviera, Albanien<br data-start=\"5543\" data-end=\"5546\" \/>2 Lampedusa, Sizilien, Italien<br data-start=\"5576\" data-end=\"5579\" \/>3 Favignana, Sizilien, Italien<br data-start=\"5609\" data-end=\"5612\" \/>4 \u00c4olische Inseln, Sizilien, Italien<br data-start=\"5648\" data-end=\"5651\" \/>5 Archipel La Maddalena, Sardinien<br data-start=\"5685\" data-end=\"5688\" \/>6 Balearische Inseln, Spanien<br data-start=\"5717\" data-end=\"5720\" \/>7 Korsika, Frankreich<br data-start=\"5741\" data-end=\"5744\" \/>8 Nizza und die franz\u00f6sische Riviera, Frankreich<br data-start=\"5792\" data-end=\"5795\" \/>9 Mykonos, Griechenland<br data-start=\"5818\" data-end=\"5821\" \/>10 Montenegro<br data-start=\"5834\" data-end=\"5837\" \/>11 T\u00fcrkisk\u00fcste, T\u00fcrkei<br data-start=\"5859\" data-end=\"5862\" \/>12 Algarve, Portugal<\/p>\n","protected":false},"excerpt":{"rendered":"<p>Das italienische Reisemagazin Wom Travel hat die albanische Riviera unter die zw\u00f6lf besten europ\u00e4ischen Reiseziele f\u00fcr den Sommerurlaub 2026 gew\u00e4hlt<\/p>\n","protected":false},"author":6,"featured_media":453248,"comment_status":"closed","ping_status":"closed","sticky":false,"template":"","format":"standard","meta":{"footnotes":""},"categories":[34936,1129],"tags":[],"vendi":[],"content_country":[],"class_list":["post-875511","post","type-post","status-publish","format-standard","has-post-thumbnail","hentry","category-shqiperia-5","category-ch-balkan"],"acf":[],"_links":{"self":[{"href":"https:\/\/www.albinfo.at\/de\/wp-json\/wp\/v2\/posts\/875511","targetHints":{"allow":["GET"]}}],"collection":[{"href":"https:\/\/www.albinfo.at\/de\/wp-json\/wp\/v2\/posts"}],"about":[{"href":"https:\/\/www.albinfo.at\/de\/wp-json\/wp\/v2\/types\/post"}],"author":[{"embeddable":true,"href":"https:\/\/www.albinfo.at\/de\/wp-json\/wp\/v2\/users\/6"}],"replies":[{"embeddable":true,"href":"https:\/\/www.albinfo.at\/de\/wp-json\/wp\/v2\/comments?post=875511"}],"version-history":[{"count":1,"href":"https:\/\/www.albinfo.at\/de\/wp-json\/wp\/v2\/posts\/875511\/revisions"}],"predecessor-version":[{"id":875513,"href":"https:\/\/www.albinfo.at\/de\/wp-json\/wp\/v2\/posts\/875511\/revisions\/875513"}],"wp:featuredmedia":[{"embeddable":true,"href":"https:\/\/www.albinfo.at\/de\/wp-json\/wp\/v2\/media\/453248"}],"wp:attachment":[{"href":"https:\/\/www.albinfo.at\/de\/wp-json\/wp\/v2\/media?parent=875511"}],"wp:term":[{"taxonomy":"category","embeddable":true,"href":"https:\/\/www.albinfo.at\/de\/wp-json\/wp\/v2\/categories?post=875511"},{"taxonomy":"post_tag","embeddable":true,"href":"https:\/\/www.albinfo.at\/de\/wp-json\/wp\/v2\/tags?post=875511"},{"taxonomy":"vendi","embeddable":true,"href":"https:\/\/www.albinfo.at\/de\/wp-json\/wp\/v2\/vendi?post=875511"},{"taxonomy":"content_country","embeddable":true,"href":"https:\/\/www.albinfo.at\/de\/wp-json\/wp\/v2\/content_country?post=875511"}],"curies":[{"name":"wp","href":"https:\/\/api.w.org\/{rel}","templated":true}]}}