{"id":875501,"date":"2025-11-17T18:44:21","date_gmt":"2025-11-17T17:44:21","guid":{"rendered":"https:\/\/www.albinfo.ch\/?p=875501"},"modified":"2025-11-17T18:44:42","modified_gmt":"2025-11-17T17:44:42","slug":"albian-hajdari-antwortet-granit-xhaka-darauf-warum-er-sich-fuer-kosovo-und-nicht-fuer-die-schweiz-entschieden-hat","status":"publish","type":"post","link":"https:\/\/www.albinfo.at\/de\/albian-hajdari-antwortet-granit-xhaka-darauf-warum-er-sich-fuer-kosovo-und-nicht-fuer-die-schweiz-entschieden-hat\/","title":{"rendered":"Albian Hajdari antwortet Granit Xhaka darauf, warum er sich f\u00fcr Kosovo und nicht f\u00fcr die Schweiz entschieden hat"},"content":{"rendered":"<p data-start=\"2102\" data-end=\"2345\">Der kosovarische Verteidiger Albian Hajdari sprach auf der Pressekonferenz vor dem entscheidenden Spiel gegen die Schweiz \u00fcber die Form der Mannschaft, die Ziele und seine Gr\u00fcnde f\u00fcr die Entscheidung, den Kosovo zu vertreten.<\/p>\n<p data-start=\"2347\" data-end=\"2494\">Seiner Meinung nach befindet sich der Kosovo in einem guten Moment und die Mannschaft m\u00f6chte diesen Zyklus mit der maximalen Punktzahl abschlie\u00dfen.<\/p>\n<p data-start=\"2496\" data-end=\"3069\">\u201eIch denke, jedes Spiel ist wichtig wie alle anderen und es ist klar, dass wir momentan eine sehr gute Serie haben, da wir nur gegen die Schweiz im ersten Spiel verloren haben. Ansonsten haben wir entweder gewonnen oder einen Punkt geholt. Gegen die Schweiz werden wir unser Bestes geben, wir gehen f\u00fcr das Maximum hinein und wir gehen hinein, um die drei Punkte zu holen, denn im letzten Spiel haben wir Geschichte geschrieben, aber wir wollen auch mit Punkten Geschichte schreiben, das Maximum erreichen und wir gehen f\u00fcr die drei Punkte\u201c, sagte er, berichtet albinfo.ch.<\/p>\n<p data-start=\"3071\" data-end=\"3216\">Hajdari kommentierte auch die Aussagen von Granit Xhaka und betonte, dass seine Entscheidung f\u00fcr den Kosovo gut \u00fcberlegt und richtig gewesen sei.<\/p>\n<p data-start=\"3218\" data-end=\"3815\">\u201eIch glaube, dass Leoni und ich die Entscheidung f\u00fcr den Kosovo schon vor einiger Zeit getroffen haben und wie ich bereits erw\u00e4hnt habe, haben wir diese Entscheidung mit den Menschen getroffen, die uns am n\u00e4chsten stehen. Mit ihnen haben wir dar\u00fcber gesprochen und am Ende bleibt das, was andere sagen, ihre Meinung. Ich habe kein Problem mit dem, was Granit gesagt hat, das ist seine Meinung. Ich respektiere ihn und seine Karriere und w\u00fcnsche ihm nur Erfolg\u201c, erkl\u00e4rte Hajdari und f\u00fcgte hinzu, dass jeder Spieler seine eigenen Gr\u00fcnde f\u00fcr seine Entscheidungen hat, ob f\u00fcr den Kosovo oder dagegen.<\/p>\n<p data-start=\"3817\" data-end=\"4132\">\u201eIch denke, jeder Spieler hatte seine eigene Meinung oder Entscheidung, ob er f\u00fcr den Kosovo oder gegen den Kosovo war. Diejenigen, die sich f\u00fcr den Kosovo entschieden haben, geh\u00f6ren zu uns und denen, die diese Entscheidung nicht getroffen haben, w\u00fcnsche ich einfach nur Gesundheit und alles Gute\u201c, betonte Hajdari.<\/p>\n<p data-start=\"4134\" data-end=\"4378\" data-is-last-node=\"\" data-is-only-node=\"\">Auf die Frage zum Schluss \u00fcber seine Entscheidung f\u00fcr den Kosovo und ob es Druck vonseiten des Schweizerischen Fussballverbands gegeben habe, wollte Hajdari keinen Kommentar abgeben und sagte, er habe \u00fcber dieses Thema bereits genug gesprochen.<\/p>\n","protected":false},"excerpt":{"rendered":"<p>Der kosovarische Verteidiger Albian Hajdari sprach auf der Pressekonferenz vor dem entscheidenden Spiel gegen die Schweiz \u00fcber die Form der Mannschaft, die Ziele und seine Gr\u00fcnde f\u00fcr die Entscheidung, den Kosovo zu vertreten. Seiner Meinung nach befindet sich der Kosovo in einem guten Moment und die Mannschaft m\u00f6chte diesen Zyklus mit der maximalen Punktzahl abschlie\u00dfen. [&hellip;]<\/p>\n","protected":false},"author":6,"featured_media":873287,"comment_status":"closed","ping_status":"closed","sticky":false,"template":"","format":"standard","meta":{"footnotes":""},"categories":[34930,24631,1139],"tags":[],"vendi":[],"content_country":[],"class_list":["post-875501","post","type-post","status-publish","format-standard","has-post-thumbnail","hentry","category-futboll-4","category-nachrichten-de-2","category-sport"],"acf":[],"_links":{"self":[{"href":"https:\/\/www.albinfo.at\/de\/wp-json\/wp\/v2\/posts\/875501","targetHints":{"allow":["GET"]}}],"collection":[{"href":"https:\/\/www.albinfo.at\/de\/wp-json\/wp\/v2\/posts"}],"about":[{"href":"https:\/\/www.albinfo.at\/de\/wp-json\/wp\/v2\/types\/post"}],"author":[{"embeddable":true,"href":"https:\/\/www.albinfo.at\/de\/wp-json\/wp\/v2\/users\/6"}],"replies":[{"embeddable":true,"href":"https:\/\/www.albinfo.at\/de\/wp-json\/wp\/v2\/comments?post=875501"}],"version-history":[{"count":1,"href":"https:\/\/www.albinfo.at\/de\/wp-json\/wp\/v2\/posts\/875501\/revisions"}],"predecessor-version":[{"id":875502,"href":"https:\/\/www.albinfo.at\/de\/wp-json\/wp\/v2\/posts\/875501\/revisions\/875502"}],"wp:featuredmedia":[{"embeddable":true,"href":"https:\/\/www.albinfo.at\/de\/wp-json\/wp\/v2\/media\/873287"}],"wp:attachment":[{"href":"https:\/\/www.albinfo.at\/de\/wp-json\/wp\/v2\/media?parent=875501"}],"wp:term":[{"taxonomy":"category","embeddable":true,"href":"https:\/\/www.albinfo.at\/de\/wp-json\/wp\/v2\/categories?post=875501"},{"taxonomy":"post_tag","embeddable":true,"href":"https:\/\/www.albinfo.at\/de\/wp-json\/wp\/v2\/tags?post=875501"},{"taxonomy":"vendi","embeddable":true,"href":"https:\/\/www.albinfo.at\/de\/wp-json\/wp\/v2\/vendi?post=875501"},{"taxonomy":"content_country","embeddable":true,"href":"https:\/\/www.albinfo.at\/de\/wp-json\/wp\/v2\/content_country?post=875501"}],"curies":[{"name":"wp","href":"https:\/\/api.w.org\/{rel}","templated":true}]}}