{"id":875097,"date":"2025-11-15T19:44:48","date_gmt":"2025-11-15T18:44:48","guid":{"rendered":"https:\/\/www.albinfo.ch\/?p=875097"},"modified":"2025-11-15T23:47:39","modified_gmt":"2025-11-15T22:47:39","slug":"kosovo-glaenzt-auswaerts-und-sichert-sich-die-play-offs","status":"publish","type":"post","link":"https:\/\/www.albinfo.at\/de\/kosovo-glaenzt-auswaerts-und-sichert-sich-die-play-offs\/","title":{"rendered":"Kosovo gl\u00e4nzt ausw\u00e4rts und sichert sich die Play-offs"},"content":{"rendered":"<p data-start=\"918\" data-end=\"1145\">Das Spiel zwischen Slowenien und Kosovo in Ljubljana endete mit einem \u00fcberzeugenden 0:2 Sieg der G\u00e4ste. Mit diesem Erfolg hat die Nationalmannschaft des Kosovo die Teilnahme an den Play-offs der WM-Qualifikation 2026 gesichert.<\/p>\n<p data-start=\"1147\" data-end=\"1403\">Mit diesem Triumph erreichen die Dardanen zehn Punkte und sichern sich mathematisch den Play-off-Platz, w\u00e4hrend die Schweiz die Gruppe mit dreizehn Punkten anf\u00fchrt. Slowenien bleibt bei drei Punkten und Schweden schlie\u00dft die Tabelle mit nur einem Punkt ab.<\/p>\n<p data-start=\"1405\" data-end=\"1697\" data-is-last-node=\"\" data-is-only-node=\"\">Die Partie begann auf die bestm\u00f6gliche Art f\u00fcr Kosovo. Bereits in der sechsten Minute spielte M\u00ebrgim Vojvoda einen brillanten Steilpass, der die slowenische Abwehr vollst\u00e4ndig \u00fcberraschte. Er fand Fisnik Asllani frei vor dem Tor und dieser schob den Ball ruhig in die untere Ecke zum 0:1 ein.<\/p>\n","protected":false},"excerpt":{"rendered":"<p>Das Spiel zwischen Slowenien und Kosovo in Ljubljana endete mit einem \u00fcberzeugenden 0:2 Sieg der G\u00e4ste. Mit diesem Erfolg hat die Nationalmannschaft des Kosovo die Teilnahme an den Play-offs der WM-Qualifikation 2026 gesichert. Mit diesem Triumph erreichen die Dardanen zehn Punkte und sichern sich mathematisch den Play-off-Platz, w\u00e4hrend die Schweiz die Gruppe mit dreizehn Punkten [&hellip;]<\/p>\n","protected":false},"author":6,"featured_media":875083,"comment_status":"closed","ping_status":"closed","sticky":false,"template":"","format":"standard","meta":{"footnotes":""},"categories":[4023,24631,1139],"tags":[],"vendi":[],"content_country":[],"class_list":["post-875097","post","type-post","status-publish","format-standard","has-post-thumbnail","hentry","category-futboll-de","category-nachrichten-de-2","category-sport"],"acf":[],"_links":{"self":[{"href":"https:\/\/www.albinfo.at\/de\/wp-json\/wp\/v2\/posts\/875097","targetHints":{"allow":["GET"]}}],"collection":[{"href":"https:\/\/www.albinfo.at\/de\/wp-json\/wp\/v2\/posts"}],"about":[{"href":"https:\/\/www.albinfo.at\/de\/wp-json\/wp\/v2\/types\/post"}],"author":[{"embeddable":true,"href":"https:\/\/www.albinfo.at\/de\/wp-json\/wp\/v2\/users\/6"}],"replies":[{"embeddable":true,"href":"https:\/\/www.albinfo.at\/de\/wp-json\/wp\/v2\/comments?post=875097"}],"version-history":[{"count":1,"href":"https:\/\/www.albinfo.at\/de\/wp-json\/wp\/v2\/posts\/875097\/revisions"}],"predecessor-version":[{"id":875098,"href":"https:\/\/www.albinfo.at\/de\/wp-json\/wp\/v2\/posts\/875097\/revisions\/875098"}],"wp:featuredmedia":[{"embeddable":true,"href":"https:\/\/www.albinfo.at\/de\/wp-json\/wp\/v2\/media\/875083"}],"wp:attachment":[{"href":"https:\/\/www.albinfo.at\/de\/wp-json\/wp\/v2\/media?parent=875097"}],"wp:term":[{"taxonomy":"category","embeddable":true,"href":"https:\/\/www.albinfo.at\/de\/wp-json\/wp\/v2\/categories?post=875097"},{"taxonomy":"post_tag","embeddable":true,"href":"https:\/\/www.albinfo.at\/de\/wp-json\/wp\/v2\/tags?post=875097"},{"taxonomy":"vendi","embeddable":true,"href":"https:\/\/www.albinfo.at\/de\/wp-json\/wp\/v2\/vendi?post=875097"},{"taxonomy":"content_country","embeddable":true,"href":"https:\/\/www.albinfo.at\/de\/wp-json\/wp\/v2\/content_country?post=875097"}],"curies":[{"name":"wp","href":"https:\/\/api.w.org\/{rel}","templated":true}]}}