{"id":875005,"date":"2025-11-15T17:31:39","date_gmt":"2025-11-15T16:31:39","guid":{"rendered":"https:\/\/www.albinfo.ch\/?p=875005"},"modified":"2025-11-15T20:37:43","modified_gmt":"2025-11-15T19:37:43","slug":"shaqiri-erinnert-an-die-geschichte-der-wm-2018-wir-wurden-stark-provoziert","status":"publish","type":"post","link":"https:\/\/www.albinfo.at\/de\/shaqiri-erinnert-an-die-geschichte-der-wm-2018-wir-wurden-stark-provoziert\/","title":{"rendered":"Shaqiri erinnert an die Geschichte der WM 2018: Wir wurden stark provoziert"},"content":{"rendered":"<article class=\"text-token-text-primary w-full focus:outline-none [--shadow-height:45px] has-data-writing-block:pointer-events-none has-data-writing-block:-mt-(--shadow-height) has-data-writing-block:pt-(--shadow-height) [&amp;:has([data-writing-block])&gt;*]:pointer-events-auto [content-visibility:auto] supports-[content-visibility:auto]:[contain-intrinsic-size:auto_100lvh] scroll-mt-[calc(var(--header-height)+min(200px,max(70px,20svh)))]\" dir=\"auto\" tabindex=\"-1\" data-turn-id=\"request-WEB:82fbc636-d494-4759-a003-31f25e27259a-27\" data-testid=\"conversation-turn-24\" data-scroll-anchor=\"true\" data-turn=\"assistant\">\n<div class=\"text-base my-auto mx-auto pb-10 [--thread-content-margin:--spacing(4)] thread-sm:[--thread-content-margin:--spacing(6)] thread-lg:[--thread-content-margin:--spacing(16)] px-(--thread-content-margin)\">\n<div class=\"[--thread-content-max-width:40rem] thread-lg:[--thread-content-max-width:48rem] mx-auto max-w-(--thread-content-max-width) flex-1 group\/turn-messages focus-visible:outline-hidden relative flex w-full min-w-0 flex-col agent-turn\" tabindex=\"-1\">\n<div class=\"flex max-w-full flex-col grow\">\n<div class=\"min-h-8 text-message relative flex w-full flex-col items-end gap-2 text-start break-words whitespace-normal [.text-message+&amp;]:mt-1\" dir=\"auto\" data-message-author-role=\"assistant\" data-message-id=\"39de6823-0e8a-42ef-b71d-02b456cdd35b\" data-message-model-slug=\"gpt-5-1\">\n<div class=\"flex w-full flex-col gap-1 empty:hidden first:pt-[1px]\">\n<div class=\"markdown prose dark:prose-invert w-full break-words light markdown-new-styling\">\n<p data-start=\"1621\" data-end=\"1972\">Xherdan Shaqiri, einer der bedeutendsten Fu\u00dfballer in der Geschichte der Schweiz, hat die Aufmerksamkeit erneut auf den bekannten Doppeladler-Jubel bei der WM 2018 gelenkt, nachdem er gegen Serbien getroffen hatte. In derselben Partie feierte auch Granit Xhaka \u00e4hnlich, ein Gestus, der international gro\u00dfe mediale Beachtung fand, berichtet albinfo.ch.<\/p>\n<p data-start=\"1974\" data-end=\"2166\">Als Gast in der Sendung Gredig direkt des Schweizer Fernsehens SRF erz\u00e4hlte Shaqiri, dass er und seine Familie Tage vor dem Spiel st\u00e4ndigen Provokationen durch serbische Fans ausgesetzt waren.<\/p>\n<p data-start=\"2168\" data-end=\"2399\">&#8220;Damals wurde sehr viel geschrieben. Unsere Familien und wir wurden extrem provoziert, besonders in den sozialen Medien. Das hat uns ein starkes Gef\u00fchl gegeben, gewinnen zu wollen. Am Ende z\u00e4hlte nur der sportliche Sieg&#8221;, sagte er.<\/p>\n<p data-start=\"2401\" data-end=\"2672\">Shaqiri, mit Wurzeln in Zhegra bei Gjilan, hat hundertf\u00fcnfundzwanzig Spiele f\u00fcr die Schweiz bestritten und geh\u00f6rt zu den pr\u00e4gendsten Figuren der Nati. Er sprach auch \u00fcber seine Zukunft, eine m\u00f6gliche R\u00fcckkehr zu Basel sowie \u00fcber seine emotionalen Verbindungen zum Kosovo.<\/p>\n<p data-start=\"2674\" data-end=\"2800\">Das Duell Schweiz\u2013Kosovo, das in den WM-Qualifikationen entscheidend sein k\u00f6nnte, wird f\u00fcr ihn eine besondere Bedeutung haben.<\/p>\n<p data-start=\"2802\" data-end=\"2915\">&#8220;Nat\u00fcrlich bin ich f\u00fcr beide, f\u00fcr Kosovo und f\u00fcr die Schweiz. Aber ich werde die Nati unterst\u00fctzen&#8221;, erkl\u00e4rte er.<\/p>\n<p data-start=\"2917\" data-end=\"3128\" data-is-last-node=\"\" data-is-only-node=\"\">Shaqiri betonte zudem, dass die Schweiz stark von der Vielfalt innerhalb der Nationalmannschaft profitiert habe und hob hervor, dass nicht alle Schweizer denselben k\u00e4mpferischen Geist wie die Kosovaren besitzen.<\/p>\n<\/div>\n<\/div>\n<\/div>\n<\/div>\n<div class=\"z-0 flex min-h-[46px] justify-start\"><\/div>\n<\/div>\n<\/div>\n<\/article>\n","protected":false},"excerpt":{"rendered":"<p>Shaqiri erz\u00e4hlt nach sechs Jahren: Der Adlerjubel und die Provokationen vor dem Spiel Schweiz\u2013Serbien<\/p>\n","protected":false},"author":6,"featured_media":754622,"comment_status":"closed","ping_status":"closed","sticky":false,"template":"","format":"standard","meta":{"footnotes":""},"categories":[4023,24631,1139],"tags":[],"vendi":[],"content_country":[],"class_list":["post-875005","post","type-post","status-publish","format-standard","has-post-thumbnail","hentry","category-futboll-de","category-nachrichten-de-2","category-sport"],"acf":[],"_links":{"self":[{"href":"https:\/\/www.albinfo.at\/de\/wp-json\/wp\/v2\/posts\/875005","targetHints":{"allow":["GET"]}}],"collection":[{"href":"https:\/\/www.albinfo.at\/de\/wp-json\/wp\/v2\/posts"}],"about":[{"href":"https:\/\/www.albinfo.at\/de\/wp-json\/wp\/v2\/types\/post"}],"author":[{"embeddable":true,"href":"https:\/\/www.albinfo.at\/de\/wp-json\/wp\/v2\/users\/6"}],"replies":[{"embeddable":true,"href":"https:\/\/www.albinfo.at\/de\/wp-json\/wp\/v2\/comments?post=875005"}],"version-history":[{"count":1,"href":"https:\/\/www.albinfo.at\/de\/wp-json\/wp\/v2\/posts\/875005\/revisions"}],"predecessor-version":[{"id":875008,"href":"https:\/\/www.albinfo.at\/de\/wp-json\/wp\/v2\/posts\/875005\/revisions\/875008"}],"wp:featuredmedia":[{"embeddable":true,"href":"https:\/\/www.albinfo.at\/de\/wp-json\/wp\/v2\/media\/754622"}],"wp:attachment":[{"href":"https:\/\/www.albinfo.at\/de\/wp-json\/wp\/v2\/media?parent=875005"}],"wp:term":[{"taxonomy":"category","embeddable":true,"href":"https:\/\/www.albinfo.at\/de\/wp-json\/wp\/v2\/categories?post=875005"},{"taxonomy":"post_tag","embeddable":true,"href":"https:\/\/www.albinfo.at\/de\/wp-json\/wp\/v2\/tags?post=875005"},{"taxonomy":"vendi","embeddable":true,"href":"https:\/\/www.albinfo.at\/de\/wp-json\/wp\/v2\/vendi?post=875005"},{"taxonomy":"content_country","embeddable":true,"href":"https:\/\/www.albinfo.at\/de\/wp-json\/wp\/v2\/content_country?post=875005"}],"curies":[{"name":"wp","href":"https:\/\/api.w.org\/{rel}","templated":true}]}}