{"id":874862,"date":"2025-11-14T21:31:12","date_gmt":"2025-11-14T20:31:12","guid":{"rendered":"https:\/\/www.albinfo.ch\/?p=874862"},"modified":"2025-11-14T23:34:11","modified_gmt":"2025-11-14T22:34:11","slug":"metihe-mehmeti-wird-zur-generaldirektorin-der-steuern-des-kantons-waadt-ernann","status":"publish","type":"post","link":"https:\/\/www.albinfo.at\/de\/metihe-mehmeti-wird-zur-generaldirektorin-der-steuern-des-kantons-waadt-ernann\/","title":{"rendered":"Metihe Mehmeti wird zur Generaldirektorin der Steuern des Kantons Waadt ernann"},"content":{"rendered":"<p data-start=\"1342\" data-end=\"1499\">Ab dem 1. M\u00e4rz des kommenden Jahres wird Metihe Mehmeti, zweiundvierzig Jahre alt, die Funktion der Generaldirektorin der Steuern im Kanton Waadt \u00fcbernehmen.<\/p>\n<p data-start=\"1501\" data-end=\"1822\">Derzeit stellvertretende Generalsekret\u00e4rin der Justizbeh\u00f6rde des Kantons Genf verf\u00fcgt Mehmeti \u00fcber mehr als f\u00fcnfzehn Jahre Erfahrung in der Besteuerung, im strategischen Management und in der \u00f6ffentlichen Governance. Zuvor war sie w\u00e4hrend mehr als f\u00fcnf Jahren Direktorin der Steuerpr\u00fcfungen bei der Steuerverwaltung Genf.<\/p>\n<p data-start=\"1824\" data-end=\"2166\">Diese Position hatte sie nach \u00fcber vier Jahren in einer leitenden Funktion beim Dienst f\u00fcr den Austausch steuerlicher Informationen im Eidgen\u00f6ssischen Finanzdepartement in Bern \u00fcbernommen. Sie war zudem als Steuerspezialistin in einer gro\u00dfen Anwaltskanzlei t\u00e4tig, hei\u00dft es in der offiziellen Mitteilung des \u00c9tat de Vaud, berichtet albinfo.ch.<\/p>\n<p data-start=\"2168\" data-end=\"2643\" data-is-last-node=\"\" data-is-only-node=\"\">Mit einem doppelten akademischen Hintergrund besitzt Metihe Mehmeti einen Masterabschluss in Wirtschaftsrecht, einen Bachelorabschluss in Recht sowie einen Bachelorabschluss in Betriebswirtschaft (HEC), alle von der Universit\u00e4t Genf. Der Staatsrat zeigte sich beeindruckt von ihrer beruflichen Qualifikation und ihrem umfassenden Wissen \u00fcber Institutionen, Besteuerung und Management. Es wird betont, dass ihre Bewerbung nach einem strengen Auswahlverfahren ausgew\u00e4hlt wurde.<\/p>\n","protected":false},"excerpt":{"rendered":"<p>Derzeit stellvertretende Generalsekret\u00e4rin der Justizbeh\u00f6rde des Kantons Genf verf\u00fcgt Mehmeti \u00fcber mehr als f\u00fcnfzehn Jahre Erfahrung in der Besteuerung, in der strategischen F\u00fchrung und in der \u00f6ffentlichen Governance.<\/p>\n","protected":false},"author":6,"featured_media":874741,"comment_status":"closed","ping_status":"closed","sticky":false,"template":"","format":"standard","meta":{"footnotes":""},"categories":[24636,1133],"tags":[],"vendi":[],"content_country":[],"class_list":["post-874862","post","type-post","status-publish","format-standard","has-post-thumbnail","hentry","category-nachrichten-de-4","category-e-diaspora-de"],"acf":[],"_links":{"self":[{"href":"https:\/\/www.albinfo.at\/de\/wp-json\/wp\/v2\/posts\/874862","targetHints":{"allow":["GET"]}}],"collection":[{"href":"https:\/\/www.albinfo.at\/de\/wp-json\/wp\/v2\/posts"}],"about":[{"href":"https:\/\/www.albinfo.at\/de\/wp-json\/wp\/v2\/types\/post"}],"author":[{"embeddable":true,"href":"https:\/\/www.albinfo.at\/de\/wp-json\/wp\/v2\/users\/6"}],"replies":[{"embeddable":true,"href":"https:\/\/www.albinfo.at\/de\/wp-json\/wp\/v2\/comments?post=874862"}],"version-history":[{"count":1,"href":"https:\/\/www.albinfo.at\/de\/wp-json\/wp\/v2\/posts\/874862\/revisions"}],"predecessor-version":[{"id":874863,"href":"https:\/\/www.albinfo.at\/de\/wp-json\/wp\/v2\/posts\/874862\/revisions\/874863"}],"wp:featuredmedia":[{"embeddable":true,"href":"https:\/\/www.albinfo.at\/de\/wp-json\/wp\/v2\/media\/874741"}],"wp:attachment":[{"href":"https:\/\/www.albinfo.at\/de\/wp-json\/wp\/v2\/media?parent=874862"}],"wp:term":[{"taxonomy":"category","embeddable":true,"href":"https:\/\/www.albinfo.at\/de\/wp-json\/wp\/v2\/categories?post=874862"},{"taxonomy":"post_tag","embeddable":true,"href":"https:\/\/www.albinfo.at\/de\/wp-json\/wp\/v2\/tags?post=874862"},{"taxonomy":"vendi","embeddable":true,"href":"https:\/\/www.albinfo.at\/de\/wp-json\/wp\/v2\/vendi?post=874862"},{"taxonomy":"content_country","embeddable":true,"href":"https:\/\/www.albinfo.at\/de\/wp-json\/wp\/v2\/content_country?post=874862"}],"curies":[{"name":"wp","href":"https:\/\/api.w.org\/{rel}","templated":true}]}}