{"id":874838,"date":"2025-11-14T19:08:51","date_gmt":"2025-11-14T18:08:51","guid":{"rendered":"https:\/\/www.albinfo.ch\/?p=874838"},"modified":"2025-11-14T22:52:15","modified_gmt":"2025-11-14T21:52:15","slug":"kosovo-reist-nach-ljubljana-und-peilt-einen-sieg-gegen-slowenien-an","status":"publish","type":"post","link":"https:\/\/www.albinfo.at\/de\/kosovo-reist-nach-ljubljana-und-peilt-einen-sieg-gegen-slowenien-an\/","title":{"rendered":"Kosovo reist nach Ljubljana und peilt einen Sieg gegen Slowenien an"},"content":{"rendered":"<p data-start=\"867\" data-end=\"1257\">Die Nationalmannschaft des Kosovo reist heute nach Ljubljana f\u00fcr das entscheidende Spiel am Samstag gegen Slowenien im Rahmen der Qualifikation f\u00fcr die Weltmeisterschaft 2026. Auswahltrainer Franco Foda arbeitet weiterhin intensiv mit der Mannschaft und legt besonderen Wert auf taktische Abl\u00e4ufe, \u00dcberg\u00e4nge und die Organisation zwischen den Reihen, berichtet albinfo.ch.<\/p>\n<p data-start=\"1259\" data-end=\"1561\">Die Stimmung im Team ist positiv und die Spieler befinden sich in ausgezeichneter k\u00f6rperlicher Verfassung. Die Verteidiger M\u00ebrgim Vojvoda und Dion Gallapeni betonten, dass der Kosovo nur auf Sieg aus ist und diese Partie als eine historische Chance sieht, dem Traum der Weltmeisterschaft n\u00e4herzukommen.<\/p>\n<p data-start=\"1563\" data-end=\"1725\" data-is-last-node=\"\" data-is-only-node=\"\">Vor der Abreise wird Kosovo noch eine letzte leichte Trainingseinheit absolvieren, um bestm\u00f6glich vorbereitet in das wichtige Duell im\u00a0 \u00a0&#8220;Sto\u017eice &#8220;-Stadion zu gehen.<\/p>\n","protected":false},"excerpt":{"rendered":"<p>Die Nationalmannschaft des Kosovo reist heute nach Ljubljana f\u00fcr das entscheidende Spiel am Samstag gegen Slowenien im Rahmen der Qualifikation f\u00fcr die Weltmeisterschaft 2026. Auswahltrainer Franco Foda arbeitet weiterhin intensiv mit der Mannschaft und legt besonderen Wert auf taktische Abl\u00e4ufe, \u00dcberg\u00e4nge und die Organisation zwischen den Reihen, berichtet albinfo.ch. Die Stimmung im Team ist positiv [&hellip;]<\/p>\n","protected":false},"author":6,"featured_media":858849,"comment_status":"closed","ping_status":"closed","sticky":false,"template":"","format":"standard","meta":{"footnotes":""},"categories":[34931,4023,1139],"tags":[],"vendi":[],"content_country":[],"class_list":["post-874838","post","type-post","status-publish","format-standard","has-post-thumbnail","hentry","category-kosova-5","category-futboll-de","category-sport"],"acf":[],"_links":{"self":[{"href":"https:\/\/www.albinfo.at\/de\/wp-json\/wp\/v2\/posts\/874838","targetHints":{"allow":["GET"]}}],"collection":[{"href":"https:\/\/www.albinfo.at\/de\/wp-json\/wp\/v2\/posts"}],"about":[{"href":"https:\/\/www.albinfo.at\/de\/wp-json\/wp\/v2\/types\/post"}],"author":[{"embeddable":true,"href":"https:\/\/www.albinfo.at\/de\/wp-json\/wp\/v2\/users\/6"}],"replies":[{"embeddable":true,"href":"https:\/\/www.albinfo.at\/de\/wp-json\/wp\/v2\/comments?post=874838"}],"version-history":[{"count":1,"href":"https:\/\/www.albinfo.at\/de\/wp-json\/wp\/v2\/posts\/874838\/revisions"}],"predecessor-version":[{"id":874839,"href":"https:\/\/www.albinfo.at\/de\/wp-json\/wp\/v2\/posts\/874838\/revisions\/874839"}],"wp:featuredmedia":[{"embeddable":true,"href":"https:\/\/www.albinfo.at\/de\/wp-json\/wp\/v2\/media\/858849"}],"wp:attachment":[{"href":"https:\/\/www.albinfo.at\/de\/wp-json\/wp\/v2\/media?parent=874838"}],"wp:term":[{"taxonomy":"category","embeddable":true,"href":"https:\/\/www.albinfo.at\/de\/wp-json\/wp\/v2\/categories?post=874838"},{"taxonomy":"post_tag","embeddable":true,"href":"https:\/\/www.albinfo.at\/de\/wp-json\/wp\/v2\/tags?post=874838"},{"taxonomy":"vendi","embeddable":true,"href":"https:\/\/www.albinfo.at\/de\/wp-json\/wp\/v2\/vendi?post=874838"},{"taxonomy":"content_country","embeddable":true,"href":"https:\/\/www.albinfo.at\/de\/wp-json\/wp\/v2\/content_country?post=874838"}],"curies":[{"name":"wp","href":"https:\/\/api.w.org\/{rel}","templated":true}]}}