{"id":874822,"date":"2025-11-14T18:20:56","date_gmt":"2025-11-14T17:20:56","guid":{"rendered":"https:\/\/www.albinfo.ch\/?p=874822"},"modified":"2025-11-14T22:26:05","modified_gmt":"2025-11-14T21:26:05","slug":"chair-airlines-ist-fuer-ihre-sicherheit-zertifiziert-worden-und-ist-mitglied-der-iata-geworden","status":"publish","type":"post","link":"https:\/\/www.albinfo.at\/de\/chair-airlines-ist-fuer-ihre-sicherheit-zertifiziert-worden-und-ist-mitglied-der-iata-geworden\/","title":{"rendered":"Chair Airlines ist f\u00fcr ihre Sicherheit zertifiziert worden und ist Mitglied der IATA geworden"},"content":{"rendered":"<p data-start=\"1559\" data-end=\"1949\">Es wird berichtet, dass die Fluggesellschaft Chair Airlines zwei bedeutende Erfolge erzielt hat.<br data-start=\"1655\" data-end=\"1658\" \/>Erstens ist die Schweizer Airline nun offiziell IOSA-zertifiziert, was bedeutet, dass sie die h\u00f6chsten internationalen Sicherheitsstandards in der Luftfahrt erf\u00fcllt, und zweitens ist sie Mitglied der IATA geworden, dem globalen Netzwerk mit \u00fcber 300 Fluggesellschaften, berichtet albinfo.ch.<\/p>\n<p data-start=\"1951\" data-end=\"2260\">Laut dem Unternehmen best\u00e4tigt die IOSA-Zertifizierung das Engagement von Chair Airlines f\u00fcr Sicherheit, Qualit\u00e4t und kontinuierliche Verbesserung. Mit dem Beitritt zur IATA erh\u00e4lt die Airline Zugang zu internationalen Standards, Branchenressourcen sowie einem starken Netzwerk f\u00fcr Kooperation und Innovation.<\/p>\n<p data-start=\"2262\" data-end=\"2591\">Chair Airlines wurde 2019 gegr\u00fcndet und bedient haupts\u00e4chlich touristische Destinationen in Europa und Nordafrika. Besonders bekannt ist sie f\u00fcr ihre Linien auf dem Balkan, darunter Pristina, Skopje und Ohrid. Im kommenden Sommer starten zudem Fl\u00fcge nach Vlora, und im Jahr 2026 kommt Patras in Griechenland als neues Ziel hinzu.<\/p>\n<p data-start=\"2593\" data-end=\"2965\">Derzeit betreibt das Unternehmen vier Flugzeuge des Typs Airbus A319 und A320. Die Geschichte von Chair Airlines ist mit Germania Flug verbunden, die 2014 gegr\u00fcndet wurde. Nach den finanziellen Problemen der deutschen Muttergesellschaft im Jahr 2019 wurde die Airline von Leyla Ibrahimi-Salahi, der Direktorin von Air Prishtina, \u00fcbernommen und in Chair Airlines umbenannt.<\/p>\n<p data-start=\"2967\" data-end=\"3043\" data-is-last-node=\"\" data-is-only-node=\"\">Hervorzuheben ist auch, dass Chair regelm\u00e4\u00dfige Fl\u00fcge nach Pristina anbietet. \/Albinfo.ch<\/p>\n","protected":false},"excerpt":{"rendered":"<p>Chair Airlines erreicht die h\u00f6chsten Sicherheitsstandards und wird Mitglied der IATA<\/p>\n","protected":false},"author":6,"featured_media":874637,"comment_status":"closed","ping_status":"closed","sticky":false,"template":"","format":"standard","meta":{"footnotes":""},"categories":[24006,24631,1140],"tags":[],"vendi":[],"content_country":[],"class_list":["post-874822","post","type-post","status-publish","format-standard","has-post-thumbnail","hentry","category-lajme-jeta-ne-zvicer-de","category-nachrichten-de-2","category-leben-in-der-schweiz"],"acf":[],"_links":{"self":[{"href":"https:\/\/www.albinfo.at\/de\/wp-json\/wp\/v2\/posts\/874822","targetHints":{"allow":["GET"]}}],"collection":[{"href":"https:\/\/www.albinfo.at\/de\/wp-json\/wp\/v2\/posts"}],"about":[{"href":"https:\/\/www.albinfo.at\/de\/wp-json\/wp\/v2\/types\/post"}],"author":[{"embeddable":true,"href":"https:\/\/www.albinfo.at\/de\/wp-json\/wp\/v2\/users\/6"}],"replies":[{"embeddable":true,"href":"https:\/\/www.albinfo.at\/de\/wp-json\/wp\/v2\/comments?post=874822"}],"version-history":[{"count":1,"href":"https:\/\/www.albinfo.at\/de\/wp-json\/wp\/v2\/posts\/874822\/revisions"}],"predecessor-version":[{"id":874823,"href":"https:\/\/www.albinfo.at\/de\/wp-json\/wp\/v2\/posts\/874822\/revisions\/874823"}],"wp:featuredmedia":[{"embeddable":true,"href":"https:\/\/www.albinfo.at\/de\/wp-json\/wp\/v2\/media\/874637"}],"wp:attachment":[{"href":"https:\/\/www.albinfo.at\/de\/wp-json\/wp\/v2\/media?parent=874822"}],"wp:term":[{"taxonomy":"category","embeddable":true,"href":"https:\/\/www.albinfo.at\/de\/wp-json\/wp\/v2\/categories?post=874822"},{"taxonomy":"post_tag","embeddable":true,"href":"https:\/\/www.albinfo.at\/de\/wp-json\/wp\/v2\/tags?post=874822"},{"taxonomy":"vendi","embeddable":true,"href":"https:\/\/www.albinfo.at\/de\/wp-json\/wp\/v2\/vendi?post=874822"},{"taxonomy":"content_country","embeddable":true,"href":"https:\/\/www.albinfo.at\/de\/wp-json\/wp\/v2\/content_country?post=874822"}],"curies":[{"name":"wp","href":"https:\/\/api.w.org\/{rel}","templated":true}]}}