{"id":874585,"date":"2025-11-13T22:19:34","date_gmt":"2025-11-13T21:19:34","guid":{"rendered":"https:\/\/www.albinfo.ch\/?p=874585"},"modified":"2025-11-14T00:21:57","modified_gmt":"2025-11-13T23:21:57","slug":"die-albanische-schiedsrichterin-von-der-uefa-fuer-das-spiel-spanien-san-marino-u21-angesetzt","status":"publish","type":"post","link":"https:\/\/www.albinfo.at\/de\/die-albanische-schiedsrichterin-von-der-uefa-fuer-das-spiel-spanien-san-marino-u21-angesetzt\/","title":{"rendered":"Die albanische Schiedsrichterin von der UEFA f\u00fcr das Spiel Spanien &#8211; San Marino U21 angesetzt"},"content":{"rendered":"<p data-start=\"904\" data-end=\"1160\">Die albanische Schiedsrichterin Emanuela Rusta wurde von der UEFA f\u00fcr die Leitung des Spiels Spanien U21 \u2013 San Marino U21 angesetzt, das f\u00fcr die Qualifikation der Europameisterschaft \u201cAlbanien \u2013 Serbien 2027\u201d z\u00e4hlt, berichtet albinfo.ch.<\/p>\n<p data-start=\"1162\" data-end=\"1389\">Es ist das erste Mal, dass die UEFA einer albanischen Schiedsrichterin die Leitung eines Herrenspiels auf U21-Niveau anvertraut \u2013 ein historischer Moment f\u00fcr das albanische Schiedsrichterwesen und f\u00fcr Emanuela Rusta pers\u00f6nlich.<\/p>\n<p data-start=\"1391\" data-end=\"1671\">Das Spiel findet am 14. November um 20:45 Uhr im Stadion \u201cAngel Carro\u201d in Spanien statt, und das gesamte Schiedsrichterteam wird albanisch sein. Ilir Tartaraj und Xhulio Mani fungieren als Schiedsrichterassistenten, w\u00e4hrend Andi Ko\u00e7i die Aufgabe des vierten Offiziellen \u00fcbernimmt.<\/p>\n<p data-start=\"1673\" data-end=\"1890\" data-is-last-node=\"\" data-is-only-node=\"\">Albanische Schiedsrichter sind auf europ\u00e4ischer Ebene immer pr\u00e4senter, und diese Ansetzung stellt einen weiteren wichtigen Schritt in der Anerkennung des albanischen Schiedsrichterwesens auf internationaler B\u00fchne dar.<\/p>\n","protected":false},"excerpt":{"rendered":"<p>Die albanische Schiedsrichterin Emanuela Rusta wurde von der UEFA f\u00fcr die Leitung des Spiels Spanien U21 \u2013 San Marino U21 angesetzt, das f\u00fcr die Qualifikation der Europameisterschaft \u201cAlbanien \u2013 Serbien 2027\u201d z\u00e4hlt, berichtet albinfo.ch. Es ist das erste Mal, dass die UEFA einer albanischen Schiedsrichterin die Leitung eines Herrenspiels auf U21-Niveau anvertraut \u2013 ein historischer [&hellip;]<\/p>\n","protected":false},"author":6,"featured_media":874384,"comment_status":"closed","ping_status":"closed","sticky":false,"template":"","format":"standard","meta":{"footnotes":""},"categories":[4023,24631,1139],"tags":[],"vendi":[],"content_country":[],"class_list":["post-874585","post","type-post","status-publish","format-standard","has-post-thumbnail","hentry","category-futboll-de","category-nachrichten-de-2","category-sport"],"acf":[],"_links":{"self":[{"href":"https:\/\/www.albinfo.at\/de\/wp-json\/wp\/v2\/posts\/874585","targetHints":{"allow":["GET"]}}],"collection":[{"href":"https:\/\/www.albinfo.at\/de\/wp-json\/wp\/v2\/posts"}],"about":[{"href":"https:\/\/www.albinfo.at\/de\/wp-json\/wp\/v2\/types\/post"}],"author":[{"embeddable":true,"href":"https:\/\/www.albinfo.at\/de\/wp-json\/wp\/v2\/users\/6"}],"replies":[{"embeddable":true,"href":"https:\/\/www.albinfo.at\/de\/wp-json\/wp\/v2\/comments?post=874585"}],"version-history":[{"count":1,"href":"https:\/\/www.albinfo.at\/de\/wp-json\/wp\/v2\/posts\/874585\/revisions"}],"predecessor-version":[{"id":874590,"href":"https:\/\/www.albinfo.at\/de\/wp-json\/wp\/v2\/posts\/874585\/revisions\/874590"}],"wp:featuredmedia":[{"embeddable":true,"href":"https:\/\/www.albinfo.at\/de\/wp-json\/wp\/v2\/media\/874384"}],"wp:attachment":[{"href":"https:\/\/www.albinfo.at\/de\/wp-json\/wp\/v2\/media?parent=874585"}],"wp:term":[{"taxonomy":"category","embeddable":true,"href":"https:\/\/www.albinfo.at\/de\/wp-json\/wp\/v2\/categories?post=874585"},{"taxonomy":"post_tag","embeddable":true,"href":"https:\/\/www.albinfo.at\/de\/wp-json\/wp\/v2\/tags?post=874585"},{"taxonomy":"vendi","embeddable":true,"href":"https:\/\/www.albinfo.at\/de\/wp-json\/wp\/v2\/vendi?post=874585"},{"taxonomy":"content_country","embeddable":true,"href":"https:\/\/www.albinfo.at\/de\/wp-json\/wp\/v2\/content_country?post=874585"}],"curies":[{"name":"wp","href":"https:\/\/api.w.org\/{rel}","templated":true}]}}