{"id":874248,"date":"2025-11-12T23:12:11","date_gmt":"2025-11-12T22:12:11","guid":{"rendered":"https:\/\/www.albinfo.ch\/?p=874248"},"modified":"2025-11-12T23:12:45","modified_gmt":"2025-11-12T22:12:45","slug":"granit-xhaka-spricht-ueber-den-kosovo-sunderland-und-seine-ziele-fuer-die-weltmeisterschaft-2026","status":"publish","type":"post","link":"https:\/\/www.albinfo.at\/de\/granit-xhaka-spricht-ueber-den-kosovo-sunderland-und-seine-ziele-fuer-die-weltmeisterschaft-2026\/","title":{"rendered":"Granit Xhaka spricht \u00fcber den Kosovo, Sunderland und seine Ziele f\u00fcr die Weltmeisterschaft 2026"},"content":{"rendered":"<p data-start=\"0\" data-end=\"347\">Der Kapit\u00e4n der Schweizer Nationalmannschaft, Granit Xhaka, hat dem Schweizer Medium Blick ein ausf\u00fchrliches Interview gegeben, in dem er \u00fcber seinen Erfolg mit Sunderland, die Entwicklungen im Schweizer Nationalteam sowie \u00fcber die Entscheidungen der Spieler sprach, die sich entschieden haben, f\u00fcr den Kosovo zu spielen, berichtet albinfo.ch.<\/p>\n<p data-start=\"349\" data-end=\"586\">Xhaka kommentierte die Wahl von Leon Avdullahu und Albian Hajdari, den Kosovo zu vertreten, und erkl\u00e4rte, dass beide Spieler in den n\u00e4chsten Jahren kaum Aussichten auf einen Stammplatz in der Schweizer Nationalmannschaft gehabt h\u00e4tten.<\/p>\n<p data-start=\"588\" data-end=\"996\">&#8220;Spieler mit solcher Qualit\u00e4t sind nichts, worauf man gerne verzichtet. Aber aus ihrer Perspektive geht es darum, ihren eigenen Status realistisch einzusch\u00e4tzen. H\u00e4tten sie es innerhalb von drei oder vier Jahren geschafft, einen Stammplatz in der Schweiz zu sichern? Ich habe Zweifel&#8221;, sagte Xhaka und f\u00fcgte hinzu, dass Ardon Jashari in seinen drei Jahren bei der Schweiz nur vier Eins\u00e4tze absolviert habe.<\/p>\n<p data-start=\"998\" data-end=\"1347\">Xhaka betonte au\u00dferdem, dass Avdullahu noch nicht auf dem Niveau von Jashari sei, seine Entscheidung, f\u00fcr den Kosovo zu spielen, aber respektiert werden m\u00fcsse. &#8220;Er ist ein guter Spieler und zeigt starke Leistungen bei Hoffenheim. Vielleicht fehlte ihm etwas Geduld mit der Schweiz, aber jetzt zeigt er ein sehr hohes Niveau&#8221;, erkl\u00e4rte der Kapit\u00e4n.<\/p>\n<p data-start=\"1349\" data-end=\"1691\">In Bezug auf die Qualifikation f\u00fcr die Weltmeisterschaft 2026 f\u00fchrt die Schweiz die Gruppe mit drei Punkten Vorsprung auf den Kosovo an. Das letzte direkte Duell endete mit einem 4:0-Sieg f\u00fcr die Schweiz. Xhaka sagte, er sei auf ein m\u00f6gliches Endspiel in Pristina vorbereitet, konzentriere sich aber auf das Spiel am Samstag gegen Schweden.<\/p>\n<p data-start=\"1693\" data-end=\"1863\">&#8220;Wenn wir unsere Arbeit gegen Schweden erledigen, wird es gar nicht so weit kommen. Und wenn es doch zu einem Finale in Pristina kommt, dann soll es so sein&#8221;, sagte er.<\/p>\n<p data-start=\"1865\" data-end=\"2042\">Xhaka sprach auch \u00fcber das Fehlen seines Mittelfeldpartners Remo Freuler, betonte dessen Bedeutung und zeigte sich gespannt, wen Trainer Murat Yakin als Ersatz ausw\u00e4hlen wird.<\/p>\n<p data-start=\"2044\" data-end=\"2256\">Bez\u00fcglich Sunderland beschrieb Xhaka seine Erfahrung als die gr\u00f6\u00dfte Herausforderung seiner bisherigen Karriere. Er lobte die Fans, insbesondere diejenigen, die die Mannschaft auch bei Ausw\u00e4rtsspielen begleiten:<\/p>\n<p data-start=\"2258\" data-end=\"2427\">&#8220;Beim Spiel gegen Chelsea h\u00f6rte man nur sie. Das sind echte Fans, keine Touristen. Egal ob sie zu achtzig oder zu f\u00fcnft sind, sie wissen, warum sie im Stadion stehen.&#8221;<\/p>\n<p data-start=\"2429\" data-end=\"2877\">Xhaka best\u00e4tigte, dass er sowohl bei Sunderland als auch in der Schweizer Nationalmannschaft eine unangefochtene F\u00fchrungsrolle innehat. Er zeigte sich stolz auf seine Entscheidung und die Vergleiche, die \u00fcber ihn angestellt werden. Er betonte sein Engagement f\u00fcr die Weltmeisterschaft 2026 und \u00e4u\u00dferte den Wunsch, dass dies eines seiner letzten gro\u00dfen Turniere auf diesem Niveau sein werde, w\u00e4hrend seine Teilnahme an der WM 2030 ungewiss bleibt.<\/p>\n<p data-start=\"2879\" data-end=\"3080\" data-is-last-node=\"\" data-is-only-node=\"\">&#8220;Ich, Freuler und Rodriguez sind in einem Alter, in dem die WM 2026 wahrscheinlich unser letztes Turnier sein wird. Deshalb will ich unbedingt das Ticket f\u00fcr diese Weltmeisterschaft,&#8221; schloss Xhaka ab.\/Albinfo.ch.<\/p>\n","protected":false},"excerpt":{"rendered":"<p>Der Schweizer Mittelfeldspieler Granit Xhaka spricht in \u201cBlick\u201d \u00fcber den Abgang von Leon Avdullahu und Albian Hajdari aus der Schweizer Nationalmannschaft<\/p>\n","protected":false},"author":6,"featured_media":858051,"comment_status":"closed","ping_status":"closed","sticky":false,"template":"","format":"standard","meta":{"footnotes":""},"categories":[4023,24631,1139],"tags":[],"vendi":[],"content_country":[],"class_list":["post-874248","post","type-post","status-publish","format-standard","has-post-thumbnail","hentry","category-futboll-de","category-nachrichten-de-2","category-sport"],"acf":[],"_links":{"self":[{"href":"https:\/\/www.albinfo.at\/de\/wp-json\/wp\/v2\/posts\/874248","targetHints":{"allow":["GET"]}}],"collection":[{"href":"https:\/\/www.albinfo.at\/de\/wp-json\/wp\/v2\/posts"}],"about":[{"href":"https:\/\/www.albinfo.at\/de\/wp-json\/wp\/v2\/types\/post"}],"author":[{"embeddable":true,"href":"https:\/\/www.albinfo.at\/de\/wp-json\/wp\/v2\/users\/6"}],"replies":[{"embeddable":true,"href":"https:\/\/www.albinfo.at\/de\/wp-json\/wp\/v2\/comments?post=874248"}],"version-history":[{"count":1,"href":"https:\/\/www.albinfo.at\/de\/wp-json\/wp\/v2\/posts\/874248\/revisions"}],"predecessor-version":[{"id":874249,"href":"https:\/\/www.albinfo.at\/de\/wp-json\/wp\/v2\/posts\/874248\/revisions\/874249"}],"wp:featuredmedia":[{"embeddable":true,"href":"https:\/\/www.albinfo.at\/de\/wp-json\/wp\/v2\/media\/858051"}],"wp:attachment":[{"href":"https:\/\/www.albinfo.at\/de\/wp-json\/wp\/v2\/media?parent=874248"}],"wp:term":[{"taxonomy":"category","embeddable":true,"href":"https:\/\/www.albinfo.at\/de\/wp-json\/wp\/v2\/categories?post=874248"},{"taxonomy":"post_tag","embeddable":true,"href":"https:\/\/www.albinfo.at\/de\/wp-json\/wp\/v2\/tags?post=874248"},{"taxonomy":"vendi","embeddable":true,"href":"https:\/\/www.albinfo.at\/de\/wp-json\/wp\/v2\/vendi?post=874248"},{"taxonomy":"content_country","embeddable":true,"href":"https:\/\/www.albinfo.at\/de\/wp-json\/wp\/v2\/content_country?post=874248"}],"curies":[{"name":"wp","href":"https:\/\/api.w.org\/{rel}","templated":true}]}}