{"id":870669,"date":"2025-10-28T21:07:08","date_gmt":"2025-10-28T20:07:08","guid":{"rendered":"https:\/\/www.albinfo.ch\/?p=870669"},"modified":"2025-10-28T21:07:33","modified_gmt":"2025-10-28T20:07:33","slug":"wohnen-und-betreuung-fuer-seniorinnen-und-senioren-in-zuerich-informationsveranstaltungen-auf-albanisch","status":"publish","type":"post","link":"https:\/\/www.albinfo.at\/de\/wohnen-und-betreuung-fuer-seniorinnen-und-senioren-in-zuerich-informationsveranstaltungen-auf-albanisch\/","title":{"rendered":"Wohnen und Betreuung f\u00fcr Seniorinnen und Senioren in Z\u00fcrich &#8211; Informationsveranstaltungen auf Albanisch"},"content":{"rendered":"<p data-start=\"1641\" data-end=\"1946\">Das Konsulat der Republik Kosovo in Z\u00fcrich l\u00e4dt in Zusammenarbeit mit der Stadt Z\u00fcrich &#8211; Fachstelle Z\u00fcrich im Alter \u2013 zu zwei Informationsveranstaltungen in albanischer Sprache \u00fcber Dienstleistungen und Unterst\u00fctzungsm\u00f6glichkeiten f\u00fcr Seniorinnen und Senioren in der Stadt Z\u00fcrich ein.<\/p>\n<p data-start=\"1948\" data-end=\"2190\">Ziel dieser Informationsveranstaltungen ist es, unsere Landsleute \u00fcber ihre Rechte, Subventionen und Wohnm\u00f6glichkeiten mit Unterst\u00fctzung zu informieren und einen gleichberechtigten Zugang zu den kommunalen Dienstleistungen zu gew\u00e4hrleisten.<\/p>\n<p data-start=\"2192\" data-end=\"2217\"><strong data-start=\"2192\" data-end=\"2215\">Themen und Termine:<\/strong><\/p>\n<p data-start=\"2219\" data-end=\"2436\"><strong data-start=\"2219\" data-end=\"2283\">Freitag, 31. Oktober 2025 &#8211; Finanzierung der Pflege zu Hause<\/strong><br data-start=\"2283\" data-end=\"2286\" \/>Informationen \u00fcber Subventionen und finanzielle Unterst\u00fctzungen f\u00fcr Rentnerinnen und Rentner mit Anspruch auf Zusatzleistungen (AHV mit Zusch\u00fcssen).<\/p>\n<p data-start=\"2438\" data-end=\"2632\"><strong data-start=\"2438\" data-end=\"2517\">Freitag, 21. November 2025 &#8211; Anmeldung f\u00fcr st\u00e4dtische Alterswohnungen (SAW)<\/strong><br data-start=\"2517\" data-end=\"2520\" \/>Vorstellung des neuen Systems f\u00fcr Bewerbungen und \u00f6ffentliche Ausschreibungen der st\u00e4dtischen Alterswohnungen.<\/p>\n<p data-start=\"2634\" data-end=\"2685\"><strong data-start=\"2634\" data-end=\"2642\">Ort:<\/strong><br data-start=\"2642\" data-end=\"2645\" \/>Konsulat der Republik Kosovo in Z\u00fcrich<\/p>\n<p data-start=\"2687\" data-end=\"2740\"><strong data-start=\"2687\" data-end=\"2699\">Adresse:<\/strong><br data-start=\"2699\" data-end=\"2702\" \/>Eugen Huber-Strasse 19a, 8048 Z\u00fcrich<\/p>\n<p data-start=\"2742\" data-end=\"2833\"><strong data-start=\"2742\" data-end=\"2751\">Zeit:<\/strong><br data-start=\"2751\" data-end=\"2754\" \/>T\u00fcr\u00f6ffnung: 15:00 Uhr<br data-start=\"2775\" data-end=\"2778\" \/>Beginn der Veranstaltung: 15:10 Uhr<br data-start=\"2813\" data-end=\"2816\" \/>Ende: 16:15 Uhr<\/p>\n<p data-start=\"2835\" data-end=\"3061\"><strong data-start=\"2835\" data-end=\"2865\">Zus\u00e4tzliche Informationen:<\/strong><br data-start=\"2865\" data-end=\"2868\" \/>Die Teilnahme ist kostenlos und ohne vorherige Anmeldung m\u00f6glich.<br data-start=\"2933\" data-end=\"2936\" \/>Sprache der Pr\u00e4sentation: Albanisch<br data-start=\"2971\" data-end=\"2974\" \/>Nach der Pr\u00e4sentation besteht die M\u00f6glichkeit f\u00fcr Fragen und individuelle Beratungen.<\/p>\n<p data-start=\"3063\" data-end=\"3200\" data-is-last-node=\"\" data-is-only-node=\"\">Diese Veranstaltung findet in Zusammenarbeit zwischen dem Konsulat der Republik Kosovo in Z\u00fcrich und den Beh\u00f6rden der Stadt Z\u00fcrich statt.<\/p>\n<figure id=\"attachment_870500\" aria-describedby=\"caption-attachment-870500\" style=\"width: 640px\" class=\"wp-caption alignnone\"><a href=\"https:\/\/www.albinfo.ch\/wp-content\/uploads\/2025\/10\/banimi-ne-pleqeri-ne-zvicer.jpg\"><img loading=\"lazy\" decoding=\"async\" class=\"wp-image-870500 size-large\" src=\"https:\/\/www.albinfo.ch\/wp-content\/uploads\/2025\/10\/banimi-ne-pleqeri-ne-zvicer-768x1024.jpg\" alt=\"\" width=\"640\" height=\"853\" srcset=\"https:\/\/www.albinfo.at\/wp-content\/uploads\/2025\/10\/banimi-ne-pleqeri-ne-zvicer-768x1024.jpg 768w, https:\/\/www.albinfo.at\/wp-content\/uploads\/2025\/10\/banimi-ne-pleqeri-ne-zvicer-225x300.jpg 225w, https:\/\/www.albinfo.at\/wp-content\/uploads\/2025\/10\/banimi-ne-pleqeri-ne-zvicer-1152x1536.jpg 1152w, https:\/\/www.albinfo.at\/wp-content\/uploads\/2025\/10\/banimi-ne-pleqeri-ne-zvicer-297x396.jpg 297w, https:\/\/www.albinfo.at\/wp-content\/uploads\/2025\/10\/banimi-ne-pleqeri-ne-zvicer-75x100.jpg 75w, https:\/\/www.albinfo.at\/wp-content\/uploads\/2025\/10\/banimi-ne-pleqeri-ne-zvicer-131x175.jpg 131w, https:\/\/www.albinfo.at\/wp-content\/uploads\/2025\/10\/banimi-ne-pleqeri-ne-zvicer.jpg 1155w\" sizes=\"auto, (max-width: 640px) 100vw, 640px\" \/><\/a><figcaption id=\"caption-attachment-870500\" class=\"wp-caption-text\">albinfo.ch<\/figcaption><\/figure>\n<figure id=\"attachment_870503\" aria-describedby=\"caption-attachment-870503\" style=\"width: 640px\" class=\"wp-caption alignnone\"><a href=\"https:\/\/www.albinfo.ch\/wp-content\/uploads\/2025\/10\/banimi-ne-pleqeri-4.jpg\"><img loading=\"lazy\" decoding=\"async\" class=\"size-large wp-image-870503\" src=\"https:\/\/www.albinfo.ch\/wp-content\/uploads\/2025\/10\/banimi-ne-pleqeri-4-768x1024.jpg\" alt=\"\" width=\"640\" height=\"853\" srcset=\"https:\/\/www.albinfo.at\/wp-content\/uploads\/2025\/10\/banimi-ne-pleqeri-4-768x1024.jpg 768w, https:\/\/www.albinfo.at\/wp-content\/uploads\/2025\/10\/banimi-ne-pleqeri-4-225x300.jpg 225w, https:\/\/www.albinfo.at\/wp-content\/uploads\/2025\/10\/banimi-ne-pleqeri-4-1152x1536.jpg 1152w, https:\/\/www.albinfo.at\/wp-content\/uploads\/2025\/10\/banimi-ne-pleqeri-4-297x396.jpg 297w, https:\/\/www.albinfo.at\/wp-content\/uploads\/2025\/10\/banimi-ne-pleqeri-4-75x100.jpg 75w, https:\/\/www.albinfo.at\/wp-content\/uploads\/2025\/10\/banimi-ne-pleqeri-4-131x175.jpg 131w, https:\/\/www.albinfo.at\/wp-content\/uploads\/2025\/10\/banimi-ne-pleqeri-4.jpg 1160w\" sizes=\"auto, (max-width: 640px) 100vw, 640px\" \/><\/a><figcaption id=\"caption-attachment-870503\" class=\"wp-caption-text\">albinfo.ch<\/figcaption><\/figure>\n<figure id=\"attachment_870506\" aria-describedby=\"caption-attachment-870506\" style=\"width: 640px\" class=\"wp-caption alignnone\"><a href=\"https:\/\/www.albinfo.ch\/wp-content\/uploads\/2025\/10\/banimi-ne-pleqeri-3.jpg\"><img loading=\"lazy\" decoding=\"async\" class=\"size-large wp-image-870506\" src=\"https:\/\/www.albinfo.ch\/wp-content\/uploads\/2025\/10\/banimi-ne-pleqeri-3-768x1024.jpg\" alt=\"\" width=\"640\" height=\"853\" srcset=\"https:\/\/www.albinfo.at\/wp-content\/uploads\/2025\/10\/banimi-ne-pleqeri-3-768x1024.jpg 768w, https:\/\/www.albinfo.at\/wp-content\/uploads\/2025\/10\/banimi-ne-pleqeri-3-225x300.jpg 225w, https:\/\/www.albinfo.at\/wp-content\/uploads\/2025\/10\/banimi-ne-pleqeri-3-297x396.jpg 297w, https:\/\/www.albinfo.at\/wp-content\/uploads\/2025\/10\/banimi-ne-pleqeri-3-75x100.jpg 75w, https:\/\/www.albinfo.at\/wp-content\/uploads\/2025\/10\/banimi-ne-pleqeri-3-131x175.jpg 131w, https:\/\/www.albinfo.at\/wp-content\/uploads\/2025\/10\/banimi-ne-pleqeri-3.jpg 1125w\" sizes=\"auto, (max-width: 640px) 100vw, 640px\" \/><\/a><figcaption id=\"caption-attachment-870506\" class=\"wp-caption-text\">albinfo.ch<\/figcaption><\/figure>\n<p>&nbsp;<\/p>\n<p>&nbsp;<\/p>\n","protected":false},"excerpt":{"rendered":"<p>Das Konsulat der Republik Kosovo in Z\u00fcrich l\u00e4dt in Zusammenarbeit mit der Stadt Z\u00fcrich &#8211; Fachstelle Z\u00fcrich im Alter \u2013 zu zwei Informationsveranstaltungen in albanischer Sprache \u00fcber Dienstleistungen und Unterst\u00fctzungsm\u00f6glichkeiten f\u00fcr Seniorinnen und Senioren in der Stadt Z\u00fcrich ein. Ziel dieser Informationsveranstaltungen ist es, unsere Landsleute \u00fcber ihre Rechte, Subventionen und Wohnm\u00f6glichkeiten mit Unterst\u00fctzung zu [&hellip;]<\/p>\n","protected":false},"author":6,"featured_media":813037,"comment_status":"closed","ping_status":"closed","sticky":false,"template":"","format":"standard","meta":{"footnotes":""},"categories":[1146,1134,24635,1133],"tags":[],"vendi":[],"content_country":[],"class_list":["post-870669","post","type-post","status-publish","format-standard","has-post-thumbnail","hentry","category-gesundheit","category-integration","category-nachrichten-de-3","category-e-diaspora-de"],"acf":[],"_links":{"self":[{"href":"https:\/\/www.albinfo.at\/de\/wp-json\/wp\/v2\/posts\/870669","targetHints":{"allow":["GET"]}}],"collection":[{"href":"https:\/\/www.albinfo.at\/de\/wp-json\/wp\/v2\/posts"}],"about":[{"href":"https:\/\/www.albinfo.at\/de\/wp-json\/wp\/v2\/types\/post"}],"author":[{"embeddable":true,"href":"https:\/\/www.albinfo.at\/de\/wp-json\/wp\/v2\/users\/6"}],"replies":[{"embeddable":true,"href":"https:\/\/www.albinfo.at\/de\/wp-json\/wp\/v2\/comments?post=870669"}],"version-history":[{"count":1,"href":"https:\/\/www.albinfo.at\/de\/wp-json\/wp\/v2\/posts\/870669\/revisions"}],"predecessor-version":[{"id":870670,"href":"https:\/\/www.albinfo.at\/de\/wp-json\/wp\/v2\/posts\/870669\/revisions\/870670"}],"wp:featuredmedia":[{"embeddable":true,"href":"https:\/\/www.albinfo.at\/de\/wp-json\/wp\/v2\/media\/813037"}],"wp:attachment":[{"href":"https:\/\/www.albinfo.at\/de\/wp-json\/wp\/v2\/media?parent=870669"}],"wp:term":[{"taxonomy":"category","embeddable":true,"href":"https:\/\/www.albinfo.at\/de\/wp-json\/wp\/v2\/categories?post=870669"},{"taxonomy":"post_tag","embeddable":true,"href":"https:\/\/www.albinfo.at\/de\/wp-json\/wp\/v2\/tags?post=870669"},{"taxonomy":"vendi","embeddable":true,"href":"https:\/\/www.albinfo.at\/de\/wp-json\/wp\/v2\/vendi?post=870669"},{"taxonomy":"content_country","embeddable":true,"href":"https:\/\/www.albinfo.at\/de\/wp-json\/wp\/v2\/content_country?post=870669"}],"curies":[{"name":"wp","href":"https:\/\/api.w.org\/{rel}","templated":true}]}}