{"id":870644,"date":"2025-10-28T20:46:55","date_gmt":"2025-10-28T19:46:55","guid":{"rendered":"https:\/\/www.albinfo.ch\/?p=870644"},"modified":"2025-10-28T20:47:29","modified_gmt":"2025-10-28T19:47:29","slug":"die-magie-der-violine-von-tedi-papavrami-zur-eroeffnung-des-internationalen-festivals-remusica","status":"publish","type":"post","link":"https:\/\/www.albinfo.at\/de\/die-magie-der-violine-von-tedi-papavrami-zur-eroeffnung-des-internationalen-festivals-remusica\/","title":{"rendered":"Die Magie der Violine von Tedi Papavrami zur Er\u00f6ffnung des Internationalen Festivals \u201eReMusica\u201c"},"content":{"rendered":"<p data-start=\"1540\" data-end=\"1814\">Die Stadt Prishtina wurde von den Kl\u00e4ngen zeitgen\u00f6ssischer Musik erf\u00fcllt, als die 24. Ausgabe des Internationalen Musikfestivals \u201eReMusica\u201c er\u00f6ffnet wurde\u00a0 eines der bedeutendsten kulturellen Ereignisse im Kosovo und in der Region, schreibt albinfo.ch.<\/p>\n<p data-start=\"1816\" data-end=\"2038\">In diesem Jahr steht das Festival unter dem Motto \u201eContrasts\u201c und bietet eine spannende Reise durch die Gegens\u00e4tze zwischen Tradition und Moderne, bei der Musik zur Br\u00fccke zwischen verschiedenen Kulturen und Zeiten wird.<\/p>\n<p data-start=\"2040\" data-end=\"2246\">Der Er\u00f6ffnungsabend wurde von einem brillanten Auftritt des weltweit bekannten albanischen Violinisten Tedi Papavrami gepr\u00e4gt, der mit seiner B\u00fchnenpr\u00e4senz und Professionalit\u00e4t wahre Magie entstehen lie\u00df.<\/p>\n<p data-start=\"2248\" data-end=\"2431\">Er wurde von der japanischen Pianistin Maki Okada sowie vom ReVocal Ensemble und dem bekannten Komponisten und Dirigenten Rafet Rudi begleitet, dem Gr\u00fcnder des Festivals \u201eReMusica\u201c.<\/p>\n<p data-start=\"2433\" data-end=\"2688\">Das Publikum erlebte ein au\u00dfergew\u00f6hnliches Musikerlebnis, bei dem Papavramis Virtuosit\u00e4t und seine gef\u00fchlvolle Interpretation eine Atmosph\u00e4re schufen, die die Grenzen der Musikgenres \u00fcberwand. Es war ein Abend voller Emotionen, Eleganz und reiner Kunst.<\/p>\n<p data-start=\"2690\" data-end=\"2887\">Das Festival \u201eReMusica\u201c wird bis zum 31. Oktober 2025 fortgesetzt, mit Konzerten, Rezitalen und Auff\u00fchrungen zeitgen\u00f6ssischer Werke von Komponisten aus dem Kosovo, der Region und der ganzen Welt.<\/p>\n<p data-start=\"2889\" data-end=\"3072\" data-is-last-node=\"\" data-is-only-node=\"\">In dieser Zeit werden Prishtina und Prizren zu Zentren der zeitgen\u00f6ssischen Musik, die dem einheimischen und internationalen Publikum ein reichhaltiges k\u00fcnstlerisches Programm bieten.<\/p>\n<p><a href=\"https:\/\/www.instagram.com\/reel\/DQV_vbDiNqF\/?igsh=MTVxaGxoZHZmYjJzcg==\">https:\/\/www.instagram.com\/reel\/DQV_vbDiNqF\/?igsh=MTVxaGxoZHZmYjJzcg==<\/a><\/p>\n<p><a href=\"https:\/\/www.instagram.com\/reel\/DQV_YwMiF1w\/?igsh=b3F5M3lhZDdmeDZh\">https:\/\/www.instagram.com\/reel\/DQV_YwMiF1w\/?igsh=b3F5M3lhZDdmeDZh<\/a><\/p>\n<p><a href=\"https:\/\/www.albinfo.ch\/wp-content\/uploads\/2025\/10\/img_3656.jpeg\"><img loading=\"lazy\" decoding=\"async\" class=\"alignnone wp-image-870469\" src=\"https:\/\/www.albinfo.ch\/wp-content\/uploads\/2025\/10\/img_3656-1024x892.jpeg\" alt=\"\" width=\"500\" height=\"435\" srcset=\"https:\/\/www.albinfo.at\/wp-content\/uploads\/2025\/10\/img_3656-1024x892.jpeg 1024w, https:\/\/www.albinfo.at\/wp-content\/uploads\/2025\/10\/img_3656-300x261.jpeg 300w, https:\/\/www.albinfo.at\/wp-content\/uploads\/2025\/10\/img_3656-768x669.jpeg 768w, https:\/\/www.albinfo.at\/wp-content\/uploads\/2025\/10\/img_3656-455x396.jpeg 455w, https:\/\/www.albinfo.at\/wp-content\/uploads\/2025\/10\/img_3656-115x100.jpeg 115w, https:\/\/www.albinfo.at\/wp-content\/uploads\/2025\/10\/img_3656-201x175.jpeg 201w, https:\/\/www.albinfo.at\/wp-content\/uploads\/2025\/10\/img_3656.jpeg 1284w\" sizes=\"auto, (max-width: 500px) 100vw, 500px\" \/><\/a><\/p>\n<p><a href=\"https:\/\/www.albinfo.ch\/wp-content\/uploads\/2025\/10\/img_3658.jpeg\"><img loading=\"lazy\" decoding=\"async\" class=\"alignnone wp-image-870472\" src=\"https:\/\/www.albinfo.ch\/wp-content\/uploads\/2025\/10\/img_3658-1024x1014.jpeg\" alt=\"\" width=\"500\" height=\"495\" srcset=\"https:\/\/www.albinfo.at\/wp-content\/uploads\/2025\/10\/img_3658-1024x1014.jpeg 1024w, https:\/\/www.albinfo.at\/wp-content\/uploads\/2025\/10\/img_3658-300x297.jpeg 300w, https:\/\/www.albinfo.at\/wp-content\/uploads\/2025\/10\/img_3658-150x150.jpeg 150w, https:\/\/www.albinfo.at\/wp-content\/uploads\/2025\/10\/img_3658-768x760.jpeg 768w, https:\/\/www.albinfo.at\/wp-content\/uploads\/2025\/10\/img_3658-400x396.jpeg 400w, https:\/\/www.albinfo.at\/wp-content\/uploads\/2025\/10\/img_3658-101x100.jpeg 101w, https:\/\/www.albinfo.at\/wp-content\/uploads\/2025\/10\/img_3658-177x175.jpeg 177w, https:\/\/www.albinfo.at\/wp-content\/uploads\/2025\/10\/img_3658.jpeg 1284w\" sizes=\"auto, (max-width: 500px) 100vw, 500px\" \/><\/a> <a href=\"https:\/\/www.albinfo.ch\/wp-content\/uploads\/2025\/10\/img_3659.jpeg\"><img loading=\"lazy\" decoding=\"async\" class=\"alignnone wp-image-870475\" src=\"https:\/\/www.albinfo.ch\/wp-content\/uploads\/2025\/10\/img_3659-1024x933.jpeg\" alt=\"\" width=\"500\" height=\"456\" srcset=\"https:\/\/www.albinfo.at\/wp-content\/uploads\/2025\/10\/img_3659-1024x933.jpeg 1024w, https:\/\/www.albinfo.at\/wp-content\/uploads\/2025\/10\/img_3659-300x273.jpeg 300w, https:\/\/www.albinfo.at\/wp-content\/uploads\/2025\/10\/img_3659-768x700.jpeg 768w, https:\/\/www.albinfo.at\/wp-content\/uploads\/2025\/10\/img_3659-435x396.jpeg 435w, https:\/\/www.albinfo.at\/wp-content\/uploads\/2025\/10\/img_3659-110x100.jpeg 110w, https:\/\/www.albinfo.at\/wp-content\/uploads\/2025\/10\/img_3659-192x175.jpeg 192w, https:\/\/www.albinfo.at\/wp-content\/uploads\/2025\/10\/img_3659.jpeg 1284w\" sizes=\"auto, (max-width: 500px) 100vw, 500px\" \/><\/a> <a href=\"https:\/\/www.albinfo.ch\/wp-content\/uploads\/2025\/10\/img_3660.jpeg\"><img loading=\"lazy\" decoding=\"async\" class=\"alignnone wp-image-870478\" src=\"https:\/\/www.albinfo.ch\/wp-content\/uploads\/2025\/10\/img_3660-1024x926.jpeg\" alt=\"\" width=\"500\" height=\"452\" srcset=\"https:\/\/www.albinfo.at\/wp-content\/uploads\/2025\/10\/img_3660-1024x926.jpeg 1024w, https:\/\/www.albinfo.at\/wp-content\/uploads\/2025\/10\/img_3660-300x271.jpeg 300w, https:\/\/www.albinfo.at\/wp-content\/uploads\/2025\/10\/img_3660-768x694.jpeg 768w, https:\/\/www.albinfo.at\/wp-content\/uploads\/2025\/10\/img_3660-438x396.jpeg 438w, https:\/\/www.albinfo.at\/wp-content\/uploads\/2025\/10\/img_3660-310x280.jpeg 310w, https:\/\/www.albinfo.at\/wp-content\/uploads\/2025\/10\/img_3660-111x100.jpeg 111w, https:\/\/www.albinfo.at\/wp-content\/uploads\/2025\/10\/img_3660-194x175.jpeg 194w, https:\/\/www.albinfo.at\/wp-content\/uploads\/2025\/10\/img_3660.jpeg 1284w\" sizes=\"auto, (max-width: 500px) 100vw, 500px\" \/><\/a> <a href=\"https:\/\/www.albinfo.ch\/wp-content\/uploads\/2025\/10\/img_3661.jpeg\"><img loading=\"lazy\" decoding=\"async\" class=\"alignnone wp-image-870481\" src=\"https:\/\/www.albinfo.ch\/wp-content\/uploads\/2025\/10\/img_3661-1024x928.jpeg\" alt=\"\" width=\"500\" height=\"453\" srcset=\"https:\/\/www.albinfo.at\/wp-content\/uploads\/2025\/10\/img_3661-1024x928.jpeg 1024w, https:\/\/www.albinfo.at\/wp-content\/uploads\/2025\/10\/img_3661-300x272.jpeg 300w, https:\/\/www.albinfo.at\/wp-content\/uploads\/2025\/10\/img_3661-768x696.jpeg 768w, https:\/\/www.albinfo.at\/wp-content\/uploads\/2025\/10\/img_3661-437x396.jpeg 437w, https:\/\/www.albinfo.at\/wp-content\/uploads\/2025\/10\/img_3661-310x280.jpeg 310w, https:\/\/www.albinfo.at\/wp-content\/uploads\/2025\/10\/img_3661-110x100.jpeg 110w, https:\/\/www.albinfo.at\/wp-content\/uploads\/2025\/10\/img_3661-193x175.jpeg 193w, https:\/\/www.albinfo.at\/wp-content\/uploads\/2025\/10\/img_3661.jpeg 1284w\" sizes=\"auto, (max-width: 500px) 100vw, 500px\" \/><\/a><\/p>\n","protected":false},"excerpt":{"rendered":"<p>\u201eReMusica 2025\u201c beginnt mit den Kl\u00e4ngen der Violine von Tedi Papavrami<\/p>\n","protected":false},"author":6,"featured_media":870486,"comment_status":"closed","ping_status":"closed","sticky":false,"template":"","format":"standard","meta":{"footnotes":""},"categories":[34924,23120,23262,24621,1129,1133,1138],"tags":[],"vendi":[],"content_country":[],"class_list":["post-870644","post","type-post","status-publish","format-standard","has-post-thumbnail","hentry","category-musik-2","category-nachrichten","category-at-balkani-de","category-kosova-de-3","category-ch-balkan","category-e-diaspora-de","category-kultur"],"acf":[],"_links":{"self":[{"href":"https:\/\/www.albinfo.at\/de\/wp-json\/wp\/v2\/posts\/870644","targetHints":{"allow":["GET"]}}],"collection":[{"href":"https:\/\/www.albinfo.at\/de\/wp-json\/wp\/v2\/posts"}],"about":[{"href":"https:\/\/www.albinfo.at\/de\/wp-json\/wp\/v2\/types\/post"}],"author":[{"embeddable":true,"href":"https:\/\/www.albinfo.at\/de\/wp-json\/wp\/v2\/users\/6"}],"replies":[{"embeddable":true,"href":"https:\/\/www.albinfo.at\/de\/wp-json\/wp\/v2\/comments?post=870644"}],"version-history":[{"count":1,"href":"https:\/\/www.albinfo.at\/de\/wp-json\/wp\/v2\/posts\/870644\/revisions"}],"predecessor-version":[{"id":870650,"href":"https:\/\/www.albinfo.at\/de\/wp-json\/wp\/v2\/posts\/870644\/revisions\/870650"}],"wp:featuredmedia":[{"embeddable":true,"href":"https:\/\/www.albinfo.at\/de\/wp-json\/wp\/v2\/media\/870486"}],"wp:attachment":[{"href":"https:\/\/www.albinfo.at\/de\/wp-json\/wp\/v2\/media?parent=870644"}],"wp:term":[{"taxonomy":"category","embeddable":true,"href":"https:\/\/www.albinfo.at\/de\/wp-json\/wp\/v2\/categories?post=870644"},{"taxonomy":"post_tag","embeddable":true,"href":"https:\/\/www.albinfo.at\/de\/wp-json\/wp\/v2\/tags?post=870644"},{"taxonomy":"vendi","embeddable":true,"href":"https:\/\/www.albinfo.at\/de\/wp-json\/wp\/v2\/vendi?post=870644"},{"taxonomy":"content_country","embeddable":true,"href":"https:\/\/www.albinfo.at\/de\/wp-json\/wp\/v2\/content_country?post=870644"}],"curies":[{"name":"wp","href":"https:\/\/api.w.org\/{rel}","templated":true}]}}