{"id":870243,"date":"2025-10-26T18:00:11","date_gmt":"2025-10-26T17:00:11","guid":{"rendered":"https:\/\/www.albinfo.ch\/?p=870243"},"modified":"2025-11-06T23:39:26","modified_gmt":"2025-11-06T22:39:26","slug":"florim-cuculi-spricht-ueber-herz-kreislauf-erkrankungen-bei-frauen-beim-forbes-womens-summit-2025","status":"publish","type":"post","link":"https:\/\/www.albinfo.at\/de\/florim-cuculi-spricht-ueber-herz-kreislauf-erkrankungen-bei-frauen-beim-forbes-womens-summit-2025\/","title":{"rendered":"Florim Cuculi spricht \u00fcber Herz-Kreislauf-Erkrankungen bei Frauen beim Forbes Women\u2019s Summit 2025."},"content":{"rendered":"<article class=\"text-token-text-primary w-full focus:outline-none [--shadow-height:45px] has-data-writing-block:pointer-events-none has-data-writing-block:-mt-(--shadow-height) has-data-writing-block:pt-(--shadow-height) [&amp;:has([data-writing-block])&gt;*]:pointer-events-auto scroll-mt-[calc(var(--header-height)+min(200px,max(70px,20svh)))]\" dir=\"auto\" tabindex=\"-1\" data-turn-id=\"request-68fd4711-0d9c-832c-a156-c76f490b29cd-17\" data-testid=\"conversation-turn-52\" data-scroll-anchor=\"false\" data-turn=\"assistant\">\n<div class=\"text-base my-auto mx-auto [--thread-content-margin:--spacing(4)] thread-sm:[--thread-content-margin:--spacing(6)] thread-lg:[--thread-content-margin:--spacing(16)] px-(--thread-content-margin)\">\n<div class=\"[--thread-content-max-width:40rem] thread-lg:[--thread-content-max-width:48rem] mx-auto max-w-(--thread-content-max-width) flex-1 group\/turn-messages focus-visible:outline-hidden relative flex w-full min-w-0 flex-col agent-turn\" tabindex=\"-1\">\n<div class=\"flex max-w-full flex-col grow\">\n<div class=\"min-h-8 text-message relative flex w-full flex-col items-end gap-2 text-start break-words whitespace-normal [.text-message+&amp;]:mt-1\" dir=\"auto\" data-message-author-role=\"assistant\" data-message-id=\"2b34680d-4b48-44ec-9c64-632f5d65b685\" data-message-model-slug=\"gpt-5\">\n<div class=\"flex w-full flex-col gap-1 empty:hidden first:pt-[1px]\">\n<div class=\"markdown prose dark:prose-invert w-full break-words light markdown-new-styling\">\n<p data-start=\"615\" data-end=\"893\">Im Rahmen des Forbes Women\u2019s Summit 2025 hielt Professor Florim Cuculi, Leiter der Kardiologieabteilung am Luzerner Kantonsspital, eine Rede \u00fcber Herz-Kreislauf-Erkrankungen bei Frauen und dar\u00fcber, wie sie sich von denen der M\u00e4nner unterscheiden.<\/p>\n<p data-start=\"895\" data-end=\"1184\" data-is-last-node=\"\" data-is-only-node=\"\">Cuculi betonte, dass Frauen oft atypische Symptome zeigen, die in vielen F\u00e4llen \u00fcbersehen oder falsch interpretiert werden. Er wies darauf hin, dass Unterschiede in der medizinischen Ausbildung und in der arteriellen Struktur zu Fehldiagnosen und unangemessenen Behandlungen f\u00fchren k\u00f6nnen.<\/p>\n<\/div>\n<\/div>\n<\/div>\n<\/div>\n<div class=\"z-0 flex min-h-[46px] justify-start\"><\/div>\n<\/div>\n<\/div>\n<\/article>\n<p><a href=\"https:\/\/www.albinfo.ch\/wp-content\/uploads\/2025\/10\/forbes-2.jpg\"><img loading=\"lazy\" decoding=\"async\" class=\"alignnone wp-image-870155\" src=\"https:\/\/www.albinfo.ch\/wp-content\/uploads\/2025\/10\/forbes-2-1024x565.jpg\" alt=\"\" width=\"544\" height=\"300\" srcset=\"https:\/\/www.albinfo.at\/wp-content\/uploads\/2025\/10\/forbes-2-1024x565.jpg 1024w, https:\/\/www.albinfo.at\/wp-content\/uploads\/2025\/10\/forbes-2-300x166.jpg 300w, https:\/\/www.albinfo.at\/wp-content\/uploads\/2025\/10\/forbes-2-768x424.jpg 768w, https:\/\/www.albinfo.at\/wp-content\/uploads\/2025\/10\/forbes-2-182x101.jpg 182w, https:\/\/www.albinfo.at\/wp-content\/uploads\/2025\/10\/forbes-2-587x324.jpg 587w, https:\/\/www.albinfo.at\/wp-content\/uploads\/2025\/10\/forbes-2-180x100.jpg 180w, https:\/\/www.albinfo.at\/wp-content\/uploads\/2025\/10\/forbes-2-265x146.jpg 265w, https:\/\/www.albinfo.at\/wp-content\/uploads\/2025\/10\/forbes-2.jpg 1042w\" sizes=\"auto, (max-width: 544px) 100vw, 544px\" \/><\/a><\/p>\n<p data-start=\"780\" data-end=\"1010\">Seiner Ansicht nach k\u00f6nnen k\u00fcnstliche Intelligenz und die Analyse von Big Data dazu beitragen, die geschlechtsspezifischen Unterschiede besser zu verstehen und die Patientenversorgung zu verbessern.<\/p>\n<p data-start=\"1012\" data-end=\"1179\">\u201eGesundheit ist unser wertvollstes Gut. Symptome d\u00fcrfen niemals ignoriert werden, da sie ernsthafte Folgen f\u00fcr das Leben haben k\u00f6nnen\u201c, war seine zentrale Botschaft.<\/p>\n<p data-start=\"1181\" data-end=\"1379\">Das Team von Forbes Switzerland dankte allen Teilnehmern des Gipfels und betonte, dass Vielfalt in der Gesch\u00e4ftswelt ein zentrales Thema bleibt, auch angesichts der Herausforderungen unserer Zeit.<\/p>\n<p data-start=\"1381\" data-end=\"1549\" data-is-last-node=\"\" data-is-only-node=\"\">Die Veranstaltung wurde durch die Partner erm\u00f6glicht: L\u2019Or\u00e9al, Lamborghini, Merz Aesthetics, smzh ag, EY, The Boardroom, Wenger Plattner, Tamedia und Park Hyatt Zurich.<\/p>\n<p><iframe loading=\"lazy\" title=\"YouTube video player\" src=\"https:\/\/www.youtube.com\/embed\/UfUzPMKFiUM?si=kxFJBkPzWJdwXDNM&amp;start=277\" width=\"560\" height=\"315\" frameborder=\"0\" allowfullscreen=\"allowfullscreen\" data-mce-fragment=\"1\"><\/iframe><\/p>\n<p data-start=\"92\" data-end=\"147\">Video von SAMOTION GmbH<\/p>\n<p data-start=\"149\" data-end=\"177\" data-is-last-node=\"\" data-is-only-node=\"\">Mehr \u00fcber die Veranstaltung: <a href=\"https:\/\/www.forbes.swiss\">www.forbes.swiss<\/a><\/p>\n","protected":false},"excerpt":{"rendered":"<p>Im Rahmen des Forbes Women\u2019s Summit 2025 hielt Professor Florim Cuculi, Leiter der Kardiologieabteilung am Luzerner Kantonsspital, eine Rede \u00fcber Herz-Kreislauf-Erkrankungen bei Frauen und dar\u00fcber, wie sie sich von denen der M\u00e4nner unterscheiden. Cuculi betonte, dass Frauen oft atypische Symptome zeigen, die in vielen F\u00e4llen \u00fcbersehen oder falsch interpretiert werden. Er wies darauf hin, dass [&hellip;]<\/p>\n","protected":false},"author":6,"featured_media":870154,"comment_status":"closed","ping_status":"closed","sticky":false,"template":"","format":"standard","meta":{"footnotes":""},"categories":[34872,34900,1134,24693,1135,3616,3954,14793,1133,1149,1158],"tags":[],"vendi":[],"content_country":[],"class_list":["post-870243","post","type-post","status-publish","format-standard","has-post-thumbnail","hentry","category-evente-de","category-integration-3","category-integration","category-albinfo-plus-de","category-frauen","category-gesundheit-de","category-shendetesi-2-de","category-mantelbardhet-shqiptare-ne-zvicer-de","category-e-diaspora-de","category-albinfo-tv-de","category-themen-vor-ort"],"acf":[],"_links":{"self":[{"href":"https:\/\/www.albinfo.at\/de\/wp-json\/wp\/v2\/posts\/870243","targetHints":{"allow":["GET"]}}],"collection":[{"href":"https:\/\/www.albinfo.at\/de\/wp-json\/wp\/v2\/posts"}],"about":[{"href":"https:\/\/www.albinfo.at\/de\/wp-json\/wp\/v2\/types\/post"}],"author":[{"embeddable":true,"href":"https:\/\/www.albinfo.at\/de\/wp-json\/wp\/v2\/users\/6"}],"replies":[{"embeddable":true,"href":"https:\/\/www.albinfo.at\/de\/wp-json\/wp\/v2\/comments?post=870243"}],"version-history":[{"count":1,"href":"https:\/\/www.albinfo.at\/de\/wp-json\/wp\/v2\/posts\/870243\/revisions"}],"predecessor-version":[{"id":870247,"href":"https:\/\/www.albinfo.at\/de\/wp-json\/wp\/v2\/posts\/870243\/revisions\/870247"}],"wp:featuredmedia":[{"embeddable":true,"href":"https:\/\/www.albinfo.at\/de\/wp-json\/wp\/v2\/media\/870154"}],"wp:attachment":[{"href":"https:\/\/www.albinfo.at\/de\/wp-json\/wp\/v2\/media?parent=870243"}],"wp:term":[{"taxonomy":"category","embeddable":true,"href":"https:\/\/www.albinfo.at\/de\/wp-json\/wp\/v2\/categories?post=870243"},{"taxonomy":"post_tag","embeddable":true,"href":"https:\/\/www.albinfo.at\/de\/wp-json\/wp\/v2\/tags?post=870243"},{"taxonomy":"vendi","embeddable":true,"href":"https:\/\/www.albinfo.at\/de\/wp-json\/wp\/v2\/vendi?post=870243"},{"taxonomy":"content_country","embeddable":true,"href":"https:\/\/www.albinfo.at\/de\/wp-json\/wp\/v2\/content_country?post=870243"}],"curies":[{"name":"wp","href":"https:\/\/api.w.org\/{rel}","templated":true}]}}