{"id":870179,"date":"2025-10-26T14:51:43","date_gmt":"2025-10-26T13:51:43","guid":{"rendered":"https:\/\/www.albinfo.ch\/?p=870179"},"modified":"2025-10-26T14:52:00","modified_gmt":"2025-10-26T13:52:00","slug":"asllani-glaenzt-bei-hoffenheim","status":"publish","type":"post","link":"https:\/\/www.albinfo.at\/de\/asllani-glaenzt-bei-hoffenheim\/","title":{"rendered":"Asllani gl\u00e4nzt bei Hoffenheim"},"content":{"rendered":"<p>Futbollisti i Kosov\u00ebs, Fisnik Asllani po e vazhdon shk\u00eblqimin n\u00eb Bundeslig\u00eb.<\/p>\n<p>T\u00eb shtun\u00ebn sh\u00ebnoi supergol n\u00eb fitoren 3:1 t\u00eb Hoffenheimit ndaj Heidenheimit jav\u00ebn e tet\u00eb t\u00eb Bundeslig\u00ebs, nd\u00ebrsa p\u00ebr<\/p>\n<p data-start=\"1701\" data-end=\"1815\">Der kosovarische Fu\u00dfballspieler Fisnik Asllani gl\u00e4nzt weiterhin in der Bundesliga.<\/p>\n<p data-start=\"1817\" data-end=\"1994\">Am Samstag erzielte er ein Traumtor beim 3:1-Sieg von Hoffenheim gegen Heidenheim am achten Spieltag der Bundesliga. F\u00fcr Hoffenheim war es der erste Heimsieg in dieser Saison.<\/p>\n<p data-start=\"1996\" data-end=\"2293\">Asllani hat nun f\u00fcnf Tore und eine Vorlage in acht Eins\u00e4tzen. Neben Asllani standen auch Albian Hajdari in der Innenverteidigung und Leon Avdullahu im Mittelfeld in der Startelf von Hoffenheim. Hajdari zeigte ebenfalls ein gutes Spiel, und auch die Leistung von Avdullahu wurde positiv bewertet.<\/p>\n<p data-start=\"2295\" data-end=\"2411\">Asllani, der drittbeste Torsch\u00fctze der Bundesliga, zeigte sich sehr gl\u00fccklich \u00fcber den Sieg, berichtet albinfo.ch.<\/p>\n<p data-start=\"2413\" data-end=\"2604\">\u201eIch freue mich \u00fcber das Tor, aber noch mehr \u00fcber den Sieg\u201c, sagte Asllani auf der offiziellen Webseite von Hoffenheim. Besonders freut ihn, dass der Sieg endlich im eigenen Stadion gelang.<\/p>\n<p data-start=\"2606\" data-end=\"2965\">\u201eWir sind alle sehr gl\u00fccklich, dass wir endlich drei Punkte zu Hause geholt haben. Jetzt wollen wir darauf aufbauen, zuerst im Pokalspiel und dann in der Bundesliga. Wir haben nach meinem Tor schnell reagiert. Es freut mich, dass der Ball im Netz gelandet ist. In dieser Mannschaft wurde viel gearbeitet. Dieses Mal wurden wir belohnt\u201c, f\u00fcgte Asllani hinzu.<\/p>\n<p data-start=\"2967\" data-end=\"3179\">Er ist inzwischen auch f\u00fcr das kosovarische Nationalteam ein wichtiger Spieler. Er erzielte das Siegtor gegen Schweden. Gleichzeitig \u00fcberzeugt er weiterhin in der Bundesliga, einer der st\u00e4rksten Ligen der Welt.<\/p>\n<p data-start=\"3181\" data-end=\"3334\" data-is-last-node=\"\" data-is-only-node=\"\">\u201eWir ziehen alle gemeinsam an einem Strang, und das macht gro\u00dfe Freude. Man kann es an den Ergebnissen sehen\u00a0 deshalb l\u00e4uft es so gut\u201c, betonte Asllani.<\/p>\n","protected":false},"excerpt":{"rendered":"<p>Fisnik Asllani, der drittebeste Torsch\u00fctze der Bundesliga, sagte, dass er sehr gl\u00fccklich \u00fcber den Sieg sei.<\/p>\n","protected":false},"author":6,"featured_media":870091,"comment_status":"closed","ping_status":"closed","sticky":false,"template":"","format":"standard","meta":{"footnotes":""},"categories":[4023,1139],"tags":[],"vendi":[],"content_country":[],"class_list":["post-870179","post","type-post","status-publish","format-standard","has-post-thumbnail","hentry","category-futboll-de","category-sport"],"acf":[],"_links":{"self":[{"href":"https:\/\/www.albinfo.at\/de\/wp-json\/wp\/v2\/posts\/870179","targetHints":{"allow":["GET"]}}],"collection":[{"href":"https:\/\/www.albinfo.at\/de\/wp-json\/wp\/v2\/posts"}],"about":[{"href":"https:\/\/www.albinfo.at\/de\/wp-json\/wp\/v2\/types\/post"}],"author":[{"embeddable":true,"href":"https:\/\/www.albinfo.at\/de\/wp-json\/wp\/v2\/users\/6"}],"replies":[{"embeddable":true,"href":"https:\/\/www.albinfo.at\/de\/wp-json\/wp\/v2\/comments?post=870179"}],"version-history":[{"count":1,"href":"https:\/\/www.albinfo.at\/de\/wp-json\/wp\/v2\/posts\/870179\/revisions"}],"predecessor-version":[{"id":870180,"href":"https:\/\/www.albinfo.at\/de\/wp-json\/wp\/v2\/posts\/870179\/revisions\/870180"}],"wp:featuredmedia":[{"embeddable":true,"href":"https:\/\/www.albinfo.at\/de\/wp-json\/wp\/v2\/media\/870091"}],"wp:attachment":[{"href":"https:\/\/www.albinfo.at\/de\/wp-json\/wp\/v2\/media?parent=870179"}],"wp:term":[{"taxonomy":"category","embeddable":true,"href":"https:\/\/www.albinfo.at\/de\/wp-json\/wp\/v2\/categories?post=870179"},{"taxonomy":"post_tag","embeddable":true,"href":"https:\/\/www.albinfo.at\/de\/wp-json\/wp\/v2\/tags?post=870179"},{"taxonomy":"vendi","embeddable":true,"href":"https:\/\/www.albinfo.at\/de\/wp-json\/wp\/v2\/vendi?post=870179"},{"taxonomy":"content_country","embeddable":true,"href":"https:\/\/www.albinfo.at\/de\/wp-json\/wp\/v2\/content_country?post=870179"}],"curies":[{"name":"wp","href":"https:\/\/api.w.org\/{rel}","templated":true}]}}