{"id":870063,"date":"2025-10-26T00:12:16","date_gmt":"2025-10-25T22:12:16","guid":{"rendered":"https:\/\/www.albinfo.ch\/?p=870063"},"modified":"2026-01-27T13:40:48","modified_gmt":"2026-01-27T12:40:48","slug":"ein-treffen-im-oym-diplomatie-wirtschaft-und-sport-vereinen-ihre-kraefte-fuer-neue-ideen","status":"publish","type":"post","link":"https:\/\/www.albinfo.at\/de\/ein-treffen-im-oym-diplomatie-wirtschaft-und-sport-vereinen-ihre-kraefte-fuer-neue-ideen\/","title":{"rendered":"Ein Treffen im OYM: Diplomatie, Wirtschaft und Sport vereinen ihre Kr\u00e4fte f\u00fcr neue Ideen"},"content":{"rendered":"<p>Eine Gruppe von albanisch-schweizerischen Pers\u00f6nlichkeiten, darunter Unternehmer, \u00c4rzte und Bankiers, begleitet vom Botschafter der Republik Kosovo in der Schweiz, Mentor Latifi, besuchte das innovative Zentrum OYM (On Your Marks) in Baar, eines der modernsten Sport- und Wissenschaftszentren Europas.<\/p>\n<p><a href=\"https:\/\/www.albinfo.ch\/wp-content\/uploads\/2025\/10\/oym-bizenese.jpg\"><img loading=\"lazy\" decoding=\"async\" class=\"alignnone wp-image-869959\" src=\"https:\/\/www.albinfo.ch\/wp-content\/uploads\/2025\/10\/oym-bizenese-576x1024.jpg\" alt=\"\" width=\"619\" height=\"1100\" srcset=\"https:\/\/www.albinfo.at\/wp-content\/uploads\/2025\/10\/oym-bizenese-576x1024.jpg 576w, https:\/\/www.albinfo.at\/wp-content\/uploads\/2025\/10\/oym-bizenese-169x300.jpg 169w, https:\/\/www.albinfo.at\/wp-content\/uploads\/2025\/10\/oym-bizenese-768x1365.jpg 768w, https:\/\/www.albinfo.at\/wp-content\/uploads\/2025\/10\/oym-bizenese-864x1536.jpg 864w, https:\/\/www.albinfo.at\/wp-content\/uploads\/2025\/10\/oym-bizenese-223x396.jpg 223w, https:\/\/www.albinfo.at\/wp-content\/uploads\/2025\/10\/oym-bizenese-56x100.jpg 56w, https:\/\/www.albinfo.at\/wp-content\/uploads\/2025\/10\/oym-bizenese-98x175.jpg 98w, https:\/\/www.albinfo.at\/wp-content\/uploads\/2025\/10\/oym-bizenese.jpg 900w\" sizes=\"auto, (max-width: 619px) 100vw, 619px\" \/><\/a><\/p>\n<p data-start=\"1254\" data-end=\"1662\">Die G\u00e4ste wurden von Hans-Peter Strebel empfangen, dem Gr\u00fcnder des OYM und einer der vision\u00e4rsten Pers\u00f6nlichkeiten des Schweizer Sports. W\u00e4hrend des Besuchs stellte Strebel den G\u00e4sten das einzigartige Konzept des Zentrums vor, in dem sportliches Training, Rehabilitation und wissenschaftliche Forschung in einem pr\u00e4zise gestalteten und modern \u00e4sthetischen Raum zusammenkommen.<\/p>\n<p data-start=\"1664\" data-end=\"1890\" data-is-last-node=\"\" data-is-only-node=\"\">Seit seiner Er\u00f6ffnung im Jahr 2020 ist das OYM zu einem Referenzpunkt f\u00fcr den Schweizer Spitzensport geworden und bietet optimale Bedingungen f\u00fcr Athleten der nationalen Verb\u00e4nde sowie f\u00fcr die erfolgreichsten Clubs des Landes.<\/p>\n<p><a href=\"https:\/\/www.albinfo.ch\/wp-content\/uploads\/2025\/10\/oym-biznes.jpg\"><img loading=\"lazy\" decoding=\"async\" class=\"alignnone size-large wp-image-869962\" src=\"https:\/\/www.albinfo.ch\/wp-content\/uploads\/2025\/10\/oym-biznes-1024x813.jpg\" alt=\"\" width=\"640\" height=\"508\" srcset=\"https:\/\/www.albinfo.at\/wp-content\/uploads\/2025\/10\/oym-biznes-1024x813.jpg 1024w, https:\/\/www.albinfo.at\/wp-content\/uploads\/2025\/10\/oym-biznes-300x238.jpg 300w, https:\/\/www.albinfo.at\/wp-content\/uploads\/2025\/10\/oym-biznes-768x610.jpg 768w, https:\/\/www.albinfo.at\/wp-content\/uploads\/2025\/10\/oym-biznes-1536x1220.jpg 1536w, https:\/\/www.albinfo.at\/wp-content\/uploads\/2025\/10\/oym-biznes-499x396.jpg 499w, https:\/\/www.albinfo.at\/wp-content\/uploads\/2025\/10\/oym-biznes-126x100.jpg 126w, https:\/\/www.albinfo.at\/wp-content\/uploads\/2025\/10\/oym-biznes-220x175.jpg 220w, https:\/\/www.albinfo.at\/wp-content\/uploads\/2025\/10\/oym-biznes.jpg 2048w\" sizes=\"auto, (max-width: 640px) 100vw, 640px\" \/><\/a><\/p>\n<p data-start=\"2274\" data-end=\"2582\">Laut den Verantwortlichen des Zentrums ist \u201cdie wissenschaftliche und individuelle Aufmerksamkeit, die den Athleten gewidmet wird, der Schl\u00fcssel zum Erfolg, mit zwei Hauptzielen: die Anpassung an das Training zu maximieren und die disziplinspezifische Leistung zu verbessern.\u201d<\/p>\n<p data-start=\"2584\" data-end=\"3065\">Am Ende des Besuchs f\u00fchrte Shpresa Fejzulahi, pers\u00f6nliche Assistentin von Hans-Peter Strebel und Pr\u00e4sidentin des Verwaltungsrats des Unternehmens Beyond Design, ein exklusives Interview mit Botschafter Mentor Latifi und Hans-Peter Strebel. Beide teilen eine interessante Geschichte: Sie begannen ihre Karriere in der Pharmaindustrie, w\u00e4hrend sie heute in v\u00f6llig unterschiedlichen Bereichen t\u00e4tig sind, der eine in der Diplomatie und der andere in der Sport- und Stadtentwicklung.<\/p>\n<p data-start=\"3067\" data-end=\"3362\" data-is-last-node=\"\" data-is-only-node=\"\">Das Innenraumkonzept des OYM wurde von Myriam von Rickenbach, Mitbegr\u00fcnderin von Beyond Design und Innenarchitektin, entworfen. Sie spielte eine entscheidende Rolle bei der Schaffung eines funktionalen und inspirierenden Raumes, der direkt das Erlebnis und die Leistung der Athleten beeinflusst.<\/p>\n<article class=\"text-token-text-primary w-full focus:outline-none [--shadow-height:45px] has-data-writing-block:pointer-events-none has-data-writing-block:-mt-(--shadow-height) has-data-writing-block:pt-(--shadow-height) [&amp;:has([data-writing-block])&gt;*]:pointer-events-auto scroll-mt-[calc(var(--header-height)+min(200px,max(70px,20svh)))]\" dir=\"auto\" tabindex=\"-1\" data-turn-id=\"request-WEB:a640032d-cca0-4ee7-852c-6fabc16e98af-5\" data-testid=\"conversation-turn-12\" data-scroll-anchor=\"true\" data-turn=\"assistant\">\n<div class=\"text-base my-auto mx-auto pb-10 [--thread-content-margin:--spacing(4)] thread-sm:[--thread-content-margin:--spacing(6)] thread-lg:[--thread-content-margin:--spacing(16)] px-(--thread-content-margin)\">\n<div class=\"[--thread-content-max-width:40rem] thread-lg:[--thread-content-max-width:48rem] mx-auto max-w-(--thread-content-max-width) flex-1 group\/turn-messages focus-visible:outline-hidden relative flex w-full min-w-0 flex-col agent-turn\" tabindex=\"-1\">\n<div class=\"flex max-w-full flex-col grow\">\n<div class=\"min-h-8 text-message relative flex w-full flex-col items-end gap-2 text-start break-words whitespace-normal [.text-message+&amp;]:mt-1\" dir=\"auto\" data-message-author-role=\"assistant\" data-message-id=\"c3d95b2b-70c4-4069-a24c-66ff35a5a479\" data-message-model-slug=\"gpt-5\">\n<div class=\"flex w-full flex-col gap-1 empty:hidden first:pt-[1px]\">\n<div class=\"markdown prose dark:prose-invert w-full break-words light markdown-new-styling\">\n<p data-start=\"1442\" data-end=\"1543\"><strong>Hans-Peter Strebel, von der Pharmazie zur Philanthropie und zum Sport<\/strong><\/p>\n<p data-start=\"1545\" data-end=\"1921\">Hans-Peter Strebel ist ein Unternehmer und Philanthrop mit einer beeindruckenden Karriere in der Pharmaindustrie. Im Jahr 2006 verkaufte er sein Unternehmen an Biogen und engagiert sich seither pers\u00f6nlich und finanziell in Projekten, die mit Sport, Wissenschaft, Bildung und sozialer Entwicklung verbunden sind. Er ist der Gr\u00fcnder des OYM und Hauptaktion\u00e4r des Clubs EV Zug.<\/p>\n<p data-start=\"1923\" data-end=\"2136\" data-is-last-node=\"\" data-is-only-node=\"\">Der Besuch wurde von Besfort Bilalli organisiert, einem ehemaligen Profi-Handballspieler und heutigen Unternehmer. Seine Organisation SBN hat das Ziel, die Welt des Sports mit der Welt der Wirtschaft zu verbinden.<\/p>\n<\/div>\n<\/div>\n<\/div>\n<\/div>\n<\/div>\n<\/div>\n<\/article>\n","protected":false},"excerpt":{"rendered":"<p>Eine Gruppe von albanisch-schweizerischen Pers\u00f6nlichkeiten, darunter Unternehmer, \u00c4rzte und Bankiers, begleitet vom Botschafter der Republik Kosovo in der Schweiz, Mentor Latifi, besuchte das innovative Zentrum OYM (On Your Marks) in Baar, eines der modernsten Sport- und Wissenschaftszentren Europas. Die G\u00e4ste wurden von Hans-Peter Strebel empfangen, dem Gr\u00fcnder des OYM und einer der vision\u00e4rsten Pers\u00f6nlichkeiten des [&hellip;]<\/p>\n","protected":false},"author":6,"featured_media":869967,"comment_status":"closed","ping_status":"closed","sticky":false,"template":"","format":"standard","meta":{"footnotes":""},"categories":[24636,23263,3982,1134,1141,3952,23269,3981,8182,11228,24006,24621,1129,1133,1140,1158,1412,2015],"tags":[],"vendi":[],"content_country":[29888,31836,31837],"class_list":["post-870063","post","type-post","status-publish","format-standard","has-post-thumbnail","hentry","category-nachrichten-de-4","category-kosova-de-2","category-unternehmen-de","category-integration","category-themen","category-kosova-de","category-news","category-unternehmen-cat","category-finances","category-ekonomi-de","category-lajme-jeta-ne-zvicer-de","category-kosova-de-3","category-ch-balkan","category-e-diaspora-de","category-leben-in-der-schweiz","category-themen-vor-ort","category-newsletter-de","category-newsletter-media-de","content_country-zvicer","content_country-austria-de","content_country-germany-de"],"acf":[],"_links":{"self":[{"href":"https:\/\/www.albinfo.at\/de\/wp-json\/wp\/v2\/posts\/870063","targetHints":{"allow":["GET"]}}],"collection":[{"href":"https:\/\/www.albinfo.at\/de\/wp-json\/wp\/v2\/posts"}],"about":[{"href":"https:\/\/www.albinfo.at\/de\/wp-json\/wp\/v2\/types\/post"}],"author":[{"embeddable":true,"href":"https:\/\/www.albinfo.at\/de\/wp-json\/wp\/v2\/users\/6"}],"replies":[{"embeddable":true,"href":"https:\/\/www.albinfo.at\/de\/wp-json\/wp\/v2\/comments?post=870063"}],"version-history":[{"count":2,"href":"https:\/\/www.albinfo.at\/de\/wp-json\/wp\/v2\/posts\/870063\/revisions"}],"predecessor-version":[{"id":895853,"href":"https:\/\/www.albinfo.at\/de\/wp-json\/wp\/v2\/posts\/870063\/revisions\/895853"}],"wp:featuredmedia":[{"embeddable":true,"href":"https:\/\/www.albinfo.at\/de\/wp-json\/wp\/v2\/media\/869967"}],"wp:attachment":[{"href":"https:\/\/www.albinfo.at\/de\/wp-json\/wp\/v2\/media?parent=870063"}],"wp:term":[{"taxonomy":"category","embeddable":true,"href":"https:\/\/www.albinfo.at\/de\/wp-json\/wp\/v2\/categories?post=870063"},{"taxonomy":"post_tag","embeddable":true,"href":"https:\/\/www.albinfo.at\/de\/wp-json\/wp\/v2\/tags?post=870063"},{"taxonomy":"vendi","embeddable":true,"href":"https:\/\/www.albinfo.at\/de\/wp-json\/wp\/v2\/vendi?post=870063"},{"taxonomy":"content_country","embeddable":true,"href":"https:\/\/www.albinfo.at\/de\/wp-json\/wp\/v2\/content_country?post=870063"}],"curies":[{"name":"wp","href":"https:\/\/api.w.org\/{rel}","templated":true}]}}