{"id":869820,"date":"2025-10-24T22:23:06","date_gmt":"2025-10-24T20:23:06","guid":{"rendered":"https:\/\/www.albinfo.ch\/?p=869820"},"modified":"2025-10-26T13:43:02","modified_gmt":"2025-10-26T12:43:02","slug":"flona-abdullahi-eine-junge-ingenieurin-aus-der-diaspora-die-in-schweden-ihre-karriere-aufbaut","status":"publish","type":"post","link":"https:\/\/www.albinfo.at\/de\/flona-abdullahi-eine-junge-ingenieurin-aus-der-diaspora-die-in-schweden-ihre-karriere-aufbaut\/","title":{"rendered":"Flona Abdullahi, eine junge Ingenieurin aus der Diaspora, die in Schweden ihre Karriere aufbaut"},"content":{"rendered":"<p data-start=\"869\" data-end=\"1254\">Flona Abdullahi, in Schweden geboren und mit Wurzeln im Kosovo, ist ein inspirierendes Beispiel f\u00fcr die neue Generation von Fachkr\u00e4ften in der Diaspora. Sie hat ihr Studium an der Chalmers University of Technology abgeschlossen, einer der renommiertesten Universit\u00e4ten Schwedens, wo sie ihren Abschluss als Wirtschaftsingenieurin gemacht hat, berichtet albinfo.ch.<\/p>\n<p data-start=\"1256\" data-end=\"1488\">Derzeit hat Flona ihre berufliche Laufbahn bei der Firma &#8221; Eidra&#8221; begonnen, einem innovativen schwedischen Unternehmen, das Technologie und Kreativit\u00e4t vereint, um moderne L\u00f6sungen f\u00fcr die zeitgen\u00f6ssische Industrie zu entwickeln.<\/p>\n<p data-start=\"1490\" data-end=\"1763\" data-is-last-node=\"\" data-is-only-node=\"\">Heute ist sie dem Netzwerk Junger Fachleute beigetreten, einer Initiative der Botschaft des Kosovo in Schweden, die darauf abzielt, junge Menschen kosovarischer Herkunft miteinander zu verbinden, zu st\u00e4rken und zu f\u00f6rdern, die ihre Karriere im Ausland aufbauen. \/Albinfo.ch<\/p>\n","protected":false},"excerpt":{"rendered":"<p>Eine weitere Erfolgsgeschichte aus unserer Diaspora<\/p>\n","protected":false},"author":6,"featured_media":869635,"comment_status":"closed","ping_status":"closed","sticky":false,"template":"","format":"standard","meta":{"footnotes":""},"categories":[33056,23263,1134,1135,1130,3952,23269,23262,24621,24631,24635,1129,1133],"tags":[],"vendi":[],"content_country":[],"class_list":["post-869820","post","type-post","status-publish","format-standard","has-post-thumbnail","hentry","category-de-balkani-de","category-kosova-de-2","category-integration","category-frauen","category-aktuell","category-kosova-de","category-news","category-at-balkani-de","category-kosova-de-3","category-nachrichten-de-2","category-nachrichten-de-3","category-ch-balkan","category-e-diaspora-de"],"acf":[],"_links":{"self":[{"href":"https:\/\/www.albinfo.at\/de\/wp-json\/wp\/v2\/posts\/869820","targetHints":{"allow":["GET"]}}],"collection":[{"href":"https:\/\/www.albinfo.at\/de\/wp-json\/wp\/v2\/posts"}],"about":[{"href":"https:\/\/www.albinfo.at\/de\/wp-json\/wp\/v2\/types\/post"}],"author":[{"embeddable":true,"href":"https:\/\/www.albinfo.at\/de\/wp-json\/wp\/v2\/users\/6"}],"replies":[{"embeddable":true,"href":"https:\/\/www.albinfo.at\/de\/wp-json\/wp\/v2\/comments?post=869820"}],"version-history":[{"count":1,"href":"https:\/\/www.albinfo.at\/de\/wp-json\/wp\/v2\/posts\/869820\/revisions"}],"predecessor-version":[{"id":869821,"href":"https:\/\/www.albinfo.at\/de\/wp-json\/wp\/v2\/posts\/869820\/revisions\/869821"}],"wp:featuredmedia":[{"embeddable":true,"href":"https:\/\/www.albinfo.at\/de\/wp-json\/wp\/v2\/media\/869635"}],"wp:attachment":[{"href":"https:\/\/www.albinfo.at\/de\/wp-json\/wp\/v2\/media?parent=869820"}],"wp:term":[{"taxonomy":"category","embeddable":true,"href":"https:\/\/www.albinfo.at\/de\/wp-json\/wp\/v2\/categories?post=869820"},{"taxonomy":"post_tag","embeddable":true,"href":"https:\/\/www.albinfo.at\/de\/wp-json\/wp\/v2\/tags?post=869820"},{"taxonomy":"vendi","embeddable":true,"href":"https:\/\/www.albinfo.at\/de\/wp-json\/wp\/v2\/vendi?post=869820"},{"taxonomy":"content_country","embeddable":true,"href":"https:\/\/www.albinfo.at\/de\/wp-json\/wp\/v2\/content_country?post=869820"}],"curies":[{"name":"wp","href":"https:\/\/api.w.org\/{rel}","templated":true}]}}