{"id":869812,"date":"2025-10-24T22:10:13","date_gmt":"2025-10-24T20:10:13","guid":{"rendered":"https:\/\/www.albinfo.ch\/?p=869812"},"modified":"2025-10-26T13:43:43","modified_gmt":"2025-10-26T12:43:43","slug":"dan-ballard-sagt-dass-granit-xhaka-beim-sunderland-afc-einen-grossen-wandel-herbeigefuehrt-hat","status":"publish","type":"post","link":"https:\/\/www.albinfo.at\/de\/dan-ballard-sagt-dass-granit-xhaka-beim-sunderland-afc-einen-grossen-wandel-herbeigefuehrt-hat\/","title":{"rendered":"Dan Ballard sagt, dass Granit Xhaka beim Sunderland AFC einen gro\u00dfen Wandel herbeigef\u00fchrt hat."},"content":{"rendered":"<p data-start=\"1222\" data-end=\"1460\">Der Sunderland-Verteidiger Dan Ballard hat \u00fcber den gro\u00dfen Einfluss gesprochen, den Granit Xhaka seit seinem Wechsel von Bayer Leverkusen im Sommer f\u00fcr 15 Millionen Euro auf die Mannschaft hatte, berichtet albinfo.ch.<\/p>\n<p data-start=\"1462\" data-end=\"1633\">Laut Ballard hat der kosovarische Mittelfeldspieler mit seiner langen Erfahrung im europ\u00e4ischen Fu\u00dfball dem Team au\u00dfergew\u00f6hnliche Energie und Professionalit\u00e4t verliehen.<\/p>\n<p data-start=\"1635\" data-end=\"1908\">\u201eIch h\u00e4tte nicht gedacht, dass ein Spieler einen so gro\u00dfen Einfluss auf eine Mannschaft haben kann, aber Xhaka ist ein unglaublicher Motivator und hat die Standards erh\u00f6ht. Wenn man trainiert, sp\u00fcrt man, dass man ihn beeindrucken m\u00f6chte\u201c, sagte Ballard gegen\u00fcber Reuters.<\/p>\n<p data-start=\"1910\" data-end=\"2225\">Der 33-j\u00e4hrige Xhaka, ehemaliger Spieler des FC Basel, Borussia M\u00f6nchengladbach und Arsenal, geh\u00f6rt zu den Besten bei Sunderland. In den ersten acht Premier-League-Spielen hat er drei Vorlagen geliefert, und unter seiner F\u00fchrung als Kapit\u00e4n steht die Mannschaft derzeit mit vierzehn Punkten auf dem siebten Platz.<\/p>\n<p data-start=\"2227\" data-end=\"2325\">Zur Erinnerung: Sunderland kehrte am 24. Mai 2025 nach acht Jahren in die Premier League zur\u00fcck.<\/p>\n<p data-start=\"2327\" data-end=\"2422\" data-is-last-node=\"\" data-is-only-node=\"\">Das n\u00e4chste Spiel f\u00fcr Xhakas Team findet am Samstag an der Stamford Bridge gegen Chelsea statt.<\/p>\n","protected":false},"excerpt":{"rendered":"<p>Verteidiger Ballard spricht \u00fcber Xhakas Einfluss bei Sunderland<\/p>\n","protected":false},"author":6,"featured_media":869630,"comment_status":"closed","ping_status":"closed","sticky":false,"template":"","format":"standard","meta":{"footnotes":""},"categories":[4023,1139],"tags":[],"vendi":[],"content_country":[],"class_list":["post-869812","post","type-post","status-publish","format-standard","has-post-thumbnail","hentry","category-futboll-de","category-sport"],"acf":[],"_links":{"self":[{"href":"https:\/\/www.albinfo.at\/de\/wp-json\/wp\/v2\/posts\/869812","targetHints":{"allow":["GET"]}}],"collection":[{"href":"https:\/\/www.albinfo.at\/de\/wp-json\/wp\/v2\/posts"}],"about":[{"href":"https:\/\/www.albinfo.at\/de\/wp-json\/wp\/v2\/types\/post"}],"author":[{"embeddable":true,"href":"https:\/\/www.albinfo.at\/de\/wp-json\/wp\/v2\/users\/6"}],"replies":[{"embeddable":true,"href":"https:\/\/www.albinfo.at\/de\/wp-json\/wp\/v2\/comments?post=869812"}],"version-history":[{"count":1,"href":"https:\/\/www.albinfo.at\/de\/wp-json\/wp\/v2\/posts\/869812\/revisions"}],"predecessor-version":[{"id":869813,"href":"https:\/\/www.albinfo.at\/de\/wp-json\/wp\/v2\/posts\/869812\/revisions\/869813"}],"wp:featuredmedia":[{"embeddable":true,"href":"https:\/\/www.albinfo.at\/de\/wp-json\/wp\/v2\/media\/869630"}],"wp:attachment":[{"href":"https:\/\/www.albinfo.at\/de\/wp-json\/wp\/v2\/media?parent=869812"}],"wp:term":[{"taxonomy":"category","embeddable":true,"href":"https:\/\/www.albinfo.at\/de\/wp-json\/wp\/v2\/categories?post=869812"},{"taxonomy":"post_tag","embeddable":true,"href":"https:\/\/www.albinfo.at\/de\/wp-json\/wp\/v2\/tags?post=869812"},{"taxonomy":"vendi","embeddable":true,"href":"https:\/\/www.albinfo.at\/de\/wp-json\/wp\/v2\/vendi?post=869812"},{"taxonomy":"content_country","embeddable":true,"href":"https:\/\/www.albinfo.at\/de\/wp-json\/wp\/v2\/content_country?post=869812"}],"curies":[{"name":"wp","href":"https:\/\/api.w.org\/{rel}","templated":true}]}}