{"id":869572,"date":"2025-10-23T18:58:52","date_gmt":"2025-10-23T16:58:52","guid":{"rendered":"https:\/\/www.albinfo.ch\/?p=869572"},"modified":"2025-10-26T13:52:52","modified_gmt":"2025-10-26T12:52:52","slug":"kurti-und-osmani-nehmen-an-der-eroeffnung-des-technologie-festivals-doku-tech-2025-teil","status":"publish","type":"post","link":"https:\/\/www.albinfo.at\/de\/kurti-und-osmani-nehmen-an-der-eroeffnung-des-technologie-festivals-doku-tech-2025-teil\/","title":{"rendered":"Kurti und Osmani nehmen an der Er\u00f6ffnung des Technologie-Festivals DOKU.TECH 2025 teil."},"content":{"rendered":"<p data-start=\"1806\" data-end=\"2251\">Der amtierende Premierminister Albin Kurti und die Pr\u00e4sidentin des Kosovo, Vjosa Osmani, werden an der Er\u00f6ffnungszeremonie des Technologie-Festivals DOKU.TECH 2025 teilnehmen, das heute um 12:00 Uhr im Tech Park Prishtina stattfindet. In einer Pressemitteilung hei\u00dft es, dass die Teilnahme von Kurti an der Er\u00f6ffnung der Konferenz best\u00e4tigt wurde, w\u00e4hrend Pr\u00e4sidentin Osmani eine Ansprache halten wird, berichtet albinfo.ch.<\/p>\n<p data-start=\"2253\" data-end=\"2705\">Die diesj\u00e4hrige Ausgabe von DOKU.TECH findet im Rahmen der Regierungsinitiative \u201eOctober Tech Kosova\u201c statt und wird von der Regierung der Republik Kosovo unterst\u00fctzt. W\u00e4hrend der beiden Festivaltage, am 23. und 24. Oktober, wird die Veranstaltung lokale und internationale Expertinnen und Experten zusammenbringen, um Ideen, Erfahrungen und neue Perspektiven \u00fcber Technologie, Innovation und zuk\u00fcnftige Entwicklungen in diesem Bereich auszutauschen.<\/p>\n<p data-start=\"2707\" data-end=\"3367\">Das Programm von DOKU.TECH 2025 umfasst mehrere Aktivit\u00e4ten, darunter:<br data-start=\"2777\" data-end=\"2780\" \/>\u2022 Keynote-Vortr\u00e4ge von Edi Demaj und Christopher Petrillo, die aktuelle Themen der Technologie und ihrer globalen Auswirkungen behandeln;<br data-start=\"2917\" data-end=\"2920\" \/>\u2022 Ein DIY-Masterclass, das den Teilnehmenden die M\u00f6glichkeit bietet, sich an kreativen und lehrreichen Aktivit\u00e4ten zu beteiligen;<br data-start=\"3049\" data-end=\"3052\" \/>\u2022 Eine Podiumsdiskussion mit lokalen und internationalen Expertinnen und Experten \u00fcber die Herausforderungen und Chancen, die Technologie f\u00fcr Kosovo und die Region bietet;<br data-start=\"3223\" data-end=\"3226\" \/>\u2022 Sowie eine Cyber Exercise, eine interaktive Simulation, die das Bewusstsein und die Vorbereitung im Bereich Cybersicherheit st\u00e4rken soll.<\/p>\n<p data-start=\"3369\" data-end=\"3602\" data-is-last-node=\"\" data-is-only-node=\"\">Das DOKU.TECH-Festival soll als wichtige Plattform f\u00fcr den Austausch von Ideen und die F\u00f6rderung von Innovation im Kosovo dienen und das Land als aktiven Teil globaler technologischer Entwicklungen positionieren. \/Albinfo.ch<\/p>\n","protected":false},"excerpt":{"rendered":"<p>Kurti und Osmani kehren in den Kosovo zur\u00fcck, um an dieser Veranstaltung teilzunehmen.<\/p>\n","protected":false},"author":6,"featured_media":869421,"comment_status":"closed","ping_status":"closed","sticky":false,"template":"","format":"standard","meta":{"footnotes":""},"categories":[33056,23263,1130,3952,23269,23262,24621,24635,1129],"tags":[],"vendi":[],"content_country":[],"class_list":["post-869572","post","type-post","status-publish","format-standard","has-post-thumbnail","hentry","category-de-balkani-de","category-kosova-de-2","category-aktuell","category-kosova-de","category-news","category-at-balkani-de","category-kosova-de-3","category-nachrichten-de-3","category-ch-balkan"],"acf":[],"_links":{"self":[{"href":"https:\/\/www.albinfo.at\/de\/wp-json\/wp\/v2\/posts\/869572","targetHints":{"allow":["GET"]}}],"collection":[{"href":"https:\/\/www.albinfo.at\/de\/wp-json\/wp\/v2\/posts"}],"about":[{"href":"https:\/\/www.albinfo.at\/de\/wp-json\/wp\/v2\/types\/post"}],"author":[{"embeddable":true,"href":"https:\/\/www.albinfo.at\/de\/wp-json\/wp\/v2\/users\/6"}],"replies":[{"embeddable":true,"href":"https:\/\/www.albinfo.at\/de\/wp-json\/wp\/v2\/comments?post=869572"}],"version-history":[{"count":1,"href":"https:\/\/www.albinfo.at\/de\/wp-json\/wp\/v2\/posts\/869572\/revisions"}],"predecessor-version":[{"id":869574,"href":"https:\/\/www.albinfo.at\/de\/wp-json\/wp\/v2\/posts\/869572\/revisions\/869574"}],"wp:featuredmedia":[{"embeddable":true,"href":"https:\/\/www.albinfo.at\/de\/wp-json\/wp\/v2\/media\/869421"}],"wp:attachment":[{"href":"https:\/\/www.albinfo.at\/de\/wp-json\/wp\/v2\/media?parent=869572"}],"wp:term":[{"taxonomy":"category","embeddable":true,"href":"https:\/\/www.albinfo.at\/de\/wp-json\/wp\/v2\/categories?post=869572"},{"taxonomy":"post_tag","embeddable":true,"href":"https:\/\/www.albinfo.at\/de\/wp-json\/wp\/v2\/tags?post=869572"},{"taxonomy":"vendi","embeddable":true,"href":"https:\/\/www.albinfo.at\/de\/wp-json\/wp\/v2\/vendi?post=869572"},{"taxonomy":"content_country","embeddable":true,"href":"https:\/\/www.albinfo.at\/de\/wp-json\/wp\/v2\/content_country?post=869572"}],"curies":[{"name":"wp","href":"https:\/\/api.w.org\/{rel}","templated":true}]}}