{"id":869555,"date":"2025-10-23T18:14:58","date_gmt":"2025-10-23T16:14:58","guid":{"rendered":"https:\/\/www.albinfo.ch\/?p=869555"},"modified":"2025-10-24T17:16:54","modified_gmt":"2025-10-24T15:16:54","slug":"die-kfor-begruesst-die-ausweitung-der-britischen-unterstuetzung-im-kosovo-bis-2028","status":"publish","type":"post","link":"https:\/\/www.albinfo.at\/de\/die-kfor-begruesst-die-ausweitung-der-britischen-unterstuetzung-im-kosovo-bis-2028\/","title":{"rendered":"Die KFOR begr\u00fc\u00dft die Ausweitung der britischen Unterst\u00fctzung im Kosovo bis 2028"},"content":{"rendered":"<p data-start=\"1680\" data-end=\"1916\">Die von der NATO gef\u00fchrte KFOR-Mission hat die Entscheidung des Vereinigten K\u00f6nigreichs begr\u00fc\u00dft, ihre Unterst\u00fctzung f\u00fcr die Friedenstruppen im Kosovo mindestens bis Dezember 2028 zu verl\u00e4ngern, berichtet albinfo.ch.<\/p>\n<p data-start=\"1918\" data-end=\"2143\">Dieses anhaltende Engagement des Vereinigten K\u00f6nigreichs st\u00e4rkt die Bem\u00fchungen der KFOR, ein sicheres Umfeld f\u00fcr alle B\u00fcrger des Kosovo zu gew\u00e4hrleisten und die Stabilit\u00e4t in der gesamten westlichen Balkanregion zu f\u00f6rdern.<\/p>\n<p data-start=\"2145\" data-end=\"2696\">\u201eGemeinsam mit 33 beitragenden L\u00e4ndern bleibt die KFOR fest entschlossen, ihren Auftrag zur Unterst\u00fctzung von Frieden, Sicherheit und Stabilit\u00e4t zu erf\u00fcllen\u201c, hei\u00dft es in der Mitteilung der Mission. Die KFOR betont, dass Zusammenarbeit und gegenseitiges Vertrauen zwischen den Partnern entscheidend f\u00fcr eine sicherere und stabilere Region sind. Die britischen Truppen, Teil der NATO-Reservekr\u00e4fte, k\u00f6nnen bei Bedarf schnell eingesetzt werden, um die Mission zu unterst\u00fctzen und eine rasche Reaktion auf Sicherheitsherausforderungen zu gew\u00e4hrleisten.<\/p>\n<p data-start=\"2698\" data-end=\"2893\">Die britische Regierung erkl\u00e4rte, dass die Unterst\u00fctzung f\u00fcr die KFOR Teil ihrer regionalen Sicherheitsstrategie und ihres anhaltenden Engagements f\u00fcr den Frieden auf dem westlichen Balkan sei.<\/p>\n<p data-start=\"2895\" data-end=\"3425\" data-is-last-node=\"\" data-is-only-node=\"\">Die britische Entscheidung soll dazu beitragen, Kosovo und die Region sicherer zu machen und sicherzustellen, dass die NATO-Mission weiterhin effektiv und glaubw\u00fcrdig bleibt. Die KFOR spielt eine wichtige Rolle bei der Sicherheits\u00fcberwachung, einschlie\u00dflich der Grenzlinie zwischen Kosovo und Serbien, sowie bei der Zusammenarbeit mit den lokalen Beh\u00f6rden. Dieser j\u00fcngste Schritt st\u00e4rkt die internationale Zusammenarbeit und das Engagement der NATO f\u00fcr Frieden und Stabilit\u00e4t auf dem westlichen Balkan weiter. \/Albinfo.ch<\/p>\n","protected":false},"excerpt":{"rendered":"<p>Die von der NATO gef\u00fchrte KFOR-Mission hat die Entscheidung des Vereinigten K\u00f6nigreichs begr\u00fc\u00dft, ihre Unterst\u00fctzung f\u00fcr die Friedenstruppen im Kosovo mindestens bis Dezember 2028 zu verl\u00e4ngern, berichtet albinfo.ch. Dieses anhaltende Engagement des Vereinigten K\u00f6nigreichs st\u00e4rkt die Bem\u00fchungen der KFOR, ein sicheres Umfeld f\u00fcr alle B\u00fcrger des Kosovo zu gew\u00e4hrleisten und die Stabilit\u00e4t in der gesamten [&hellip;]<\/p>\n","protected":false},"author":6,"featured_media":869415,"comment_status":"closed","ping_status":"closed","sticky":false,"template":"","format":"standard","meta":{"footnotes":""},"categories":[33056,23263,1130,3952,23269,23262,24621,24635,1129],"tags":[],"vendi":[],"content_country":[29888,31836,31837],"class_list":["post-869555","post","type-post","status-publish","format-standard","has-post-thumbnail","hentry","category-de-balkani-de","category-kosova-de-2","category-aktuell","category-kosova-de","category-news","category-at-balkani-de","category-kosova-de-3","category-nachrichten-de-3","category-ch-balkan","content_country-zvicer","content_country-austria-de","content_country-germany-de"],"acf":[],"_links":{"self":[{"href":"https:\/\/www.albinfo.at\/de\/wp-json\/wp\/v2\/posts\/869555","targetHints":{"allow":["GET"]}}],"collection":[{"href":"https:\/\/www.albinfo.at\/de\/wp-json\/wp\/v2\/posts"}],"about":[{"href":"https:\/\/www.albinfo.at\/de\/wp-json\/wp\/v2\/types\/post"}],"author":[{"embeddable":true,"href":"https:\/\/www.albinfo.at\/de\/wp-json\/wp\/v2\/users\/6"}],"replies":[{"embeddable":true,"href":"https:\/\/www.albinfo.at\/de\/wp-json\/wp\/v2\/comments?post=869555"}],"version-history":[{"count":2,"href":"https:\/\/www.albinfo.at\/de\/wp-json\/wp\/v2\/posts\/869555\/revisions"}],"predecessor-version":[{"id":869762,"href":"https:\/\/www.albinfo.at\/de\/wp-json\/wp\/v2\/posts\/869555\/revisions\/869762"}],"wp:featuredmedia":[{"embeddable":true,"href":"https:\/\/www.albinfo.at\/de\/wp-json\/wp\/v2\/media\/869415"}],"wp:attachment":[{"href":"https:\/\/www.albinfo.at\/de\/wp-json\/wp\/v2\/media?parent=869555"}],"wp:term":[{"taxonomy":"category","embeddable":true,"href":"https:\/\/www.albinfo.at\/de\/wp-json\/wp\/v2\/categories?post=869555"},{"taxonomy":"post_tag","embeddable":true,"href":"https:\/\/www.albinfo.at\/de\/wp-json\/wp\/v2\/tags?post=869555"},{"taxonomy":"vendi","embeddable":true,"href":"https:\/\/www.albinfo.at\/de\/wp-json\/wp\/v2\/vendi?post=869555"},{"taxonomy":"content_country","embeddable":true,"href":"https:\/\/www.albinfo.at\/de\/wp-json\/wp\/v2\/content_country?post=869555"}],"curies":[{"name":"wp","href":"https:\/\/api.w.org\/{rel}","templated":true}]}}