{"id":869320,"date":"2025-10-22T19:38:30","date_gmt":"2025-10-22T17:38:30","guid":{"rendered":"https:\/\/www.albinfo.ch\/?p=869320"},"modified":"2025-10-23T13:50:15","modified_gmt":"2025-10-23T11:50:15","slug":"die-schweiz-rechnet-mit-grosser-unterstuetzung-in-pristina-fuer-das-spiel-gegen-den-kosovo-und-der-ticketpreis-wurde-festgelegt","status":"publish","type":"post","link":"https:\/\/www.albinfo.at\/de\/die-schweiz-rechnet-mit-grosser-unterstuetzung-in-pristina-fuer-das-spiel-gegen-den-kosovo-und-der-ticketpreis-wurde-festgelegt\/","title":{"rendered":"Schweiz erwartet R\u00fcckhalt in Pristina \u2013 Ticketpreis steht fest"},"content":{"rendered":"<p data-start=\"1028\" data-end=\"1445\">Die Schweiz wird voraussichtlich die Unterst\u00fctzung einer betr\u00e4chtlichen Zahl von Fans beim Spiel gegen Kosovo haben, das am 18. November im &#8221; Fadil Vokrri &#8220;-Stadion stattfinden wird. Dieses Spiel, das zur letzten Runde der Qualifikation f\u00fcr die Weltmeisterschaft 2026 geh\u00f6rt, k\u00f6nnte entscheidend f\u00fcr die Endplatzierung in der Gruppe sein &#8221; insbesondere f\u00fcr den ersten Platz, berichtet albinfo.ch.<\/p>\n<p data-start=\"1447\" data-end=\"1811\">Der Schweizerische Fussballverband hat bekannt gegeben, dass die Tickets f\u00fcr den Sektor, der den Schweizer Fans vorbehalten ist, nur 10 Euro kosten werden. Eine Person kann bis zu vier Tickets kaufen. Der Verkauf hat noch nicht begonnen und wird \u00fcber einen Link erfolgen, den der Fussballverband des Kosovo (FFK) dem Schweizer Verband zur Verf\u00fcgung stellen wird.<\/p>\n<p data-start=\"1813\" data-end=\"2105\" data-is-last-node=\"\" data-is-only-node=\"\">Unterdessen hat die FFK den offiziellen Ticketverkauf f\u00fcr die kosovarischen Fans noch nicht er\u00f6ffnet. Aufgrund der Bedeutung des Spiels und des gro\u00dfen Interesses wird erwartet, dass die Tickets innerhalb weniger Stunden ausverkauft sein werden, sobald sie verf\u00fcgbar sind. \/Abinfo.ch<\/p>\n","protected":false},"excerpt":{"rendered":"<p>Die Schweiz wird am 18. November auf betr\u00e4chtliche Unterst\u00fctzung gegen Kosovo z\u00e4hlen k\u00f6nnen.<\/p>\n","protected":false},"author":6,"featured_media":568452,"comment_status":"closed","ping_status":"closed","sticky":false,"template":"","format":"standard","meta":{"footnotes":""},"categories":[1141,4023,1140,1139],"tags":[],"vendi":[],"content_country":[],"class_list":["post-869320","post","type-post","status-publish","format-standard","has-post-thumbnail","hentry","category-themen","category-futboll-de","category-leben-in-der-schweiz","category-sport"],"acf":[],"_links":{"self":[{"href":"https:\/\/www.albinfo.at\/de\/wp-json\/wp\/v2\/posts\/869320","targetHints":{"allow":["GET"]}}],"collection":[{"href":"https:\/\/www.albinfo.at\/de\/wp-json\/wp\/v2\/posts"}],"about":[{"href":"https:\/\/www.albinfo.at\/de\/wp-json\/wp\/v2\/types\/post"}],"author":[{"embeddable":true,"href":"https:\/\/www.albinfo.at\/de\/wp-json\/wp\/v2\/users\/6"}],"replies":[{"embeddable":true,"href":"https:\/\/www.albinfo.at\/de\/wp-json\/wp\/v2\/comments?post=869320"}],"version-history":[{"count":2,"href":"https:\/\/www.albinfo.at\/de\/wp-json\/wp\/v2\/posts\/869320\/revisions"}],"predecessor-version":[{"id":869484,"href":"https:\/\/www.albinfo.at\/de\/wp-json\/wp\/v2\/posts\/869320\/revisions\/869484"}],"wp:featuredmedia":[{"embeddable":true,"href":"https:\/\/www.albinfo.at\/de\/wp-json\/wp\/v2\/media\/568452"}],"wp:attachment":[{"href":"https:\/\/www.albinfo.at\/de\/wp-json\/wp\/v2\/media?parent=869320"}],"wp:term":[{"taxonomy":"category","embeddable":true,"href":"https:\/\/www.albinfo.at\/de\/wp-json\/wp\/v2\/categories?post=869320"},{"taxonomy":"post_tag","embeddable":true,"href":"https:\/\/www.albinfo.at\/de\/wp-json\/wp\/v2\/tags?post=869320"},{"taxonomy":"vendi","embeddable":true,"href":"https:\/\/www.albinfo.at\/de\/wp-json\/wp\/v2\/vendi?post=869320"},{"taxonomy":"content_country","embeddable":true,"href":"https:\/\/www.albinfo.at\/de\/wp-json\/wp\/v2\/content_country?post=869320"}],"curies":[{"name":"wp","href":"https:\/\/api.w.org\/{rel}","templated":true}]}}