{"id":869309,"date":"2025-10-22T19:32:35","date_gmt":"2025-10-22T17:32:35","guid":{"rendered":"https:\/\/www.albinfo.ch\/?p=869309"},"modified":"2025-10-23T13:45:34","modified_gmt":"2025-10-23T11:45:34","slug":"es-wird-bekannt-dass-der-kosovo-als-erstes-land-in-der-region-in-erwaegung-zieht-abgelehnte-asylsuchende-aus-dem-vereinigten-koenigreich-aufzunehmen-im-rahmen-eines-plans-fuer-sogenannte-r","status":"publish","type":"post","link":"https:\/\/www.albinfo.at\/de\/es-wird-bekannt-dass-der-kosovo-als-erstes-land-in-der-region-in-erwaegung-zieht-abgelehnte-asylsuchende-aus-dem-vereinigten-koenigreich-aufzunehmen-im-rahmen-eines-plans-fuer-sogenannte-r\/","title":{"rendered":"Kosovo erw\u00e4gt Aufnahme abgelehnter Asylsuchender aus Gro\u00dfbritannien"},"content":{"rendered":"<p data-start=\"1465\" data-end=\"1743\">Kosovo ist das erste Land im westlichen Balkan geworden, das \u00f6ffentlich best\u00e4tigt hat, dass es die M\u00f6glichkeit pr\u00fcft, Zentren f\u00fcr die R\u00fcckf\u00fchrung von Asylbewerbern zu errichten, deren Antr\u00e4ge im Vereinigten K\u00f6nigreich abgelehnt wurden, berichtet albinfo.ch.<\/p>\n<p data-start=\"1745\" data-end=\"2041\">Der amtierende Premierminister Albin Kurti erkl\u00e4rte gegen\u00fcber der britischen Zeitung <em data-start=\"1830\" data-end=\"1841\">The Times<\/em>, dass Kosovo Gro\u00dfbritannien im Kampf gegen illegale Migration unterst\u00fctzen wolle\u00a0 im Gegenzug f\u00fcr Unterst\u00fctzung bei der nationalen Sicherheit angesichts der Bedrohungen durch Serbien und Russland.<\/p>\n<p data-start=\"2043\" data-end=\"2220\">\u201eWir sehen dies als eine freundschaftliche und politische Verpflichtung. Auch wenn unsere Kapazit\u00e4ten begrenzt sind, sind wir bereit, unseren Beitrag zu leisten\u201c, sagte Kurti.<\/p>\n<p data-start=\"2222\" data-end=\"2454\">Die Gespr\u00e4che zwischen kosovarischen und britischen Beamten sind im Gange, und das Thema soll auch beim Gipfel der Staats- und Regierungschefs des westlichen Balkans besprochen werden, der an diesem Mittwoch in London stattfindet.<\/p>\n<p data-start=\"2456\" data-end=\"2777\">Im Gegensatz zu Kosovo haben Albanien, Montenegro und Bosnien-Herzegowina den britischen Vorschlag abgelehnt. Premierminister Edi Rama bekr\u00e4ftigte, dass ein solches Abkommen \u201ein Albanien niemals stattfinden wird\u201c, w\u00e4hrend die F\u00fchrungen von Montenegro und Bosnien das Angebot als ungeeignet f\u00fcr ihre L\u00e4nder bezeichneten.<\/p>\n<p data-start=\"2779\" data-end=\"3046\" data-is-last-node=\"\" data-is-only-node=\"\">Das Vereinigte K\u00f6nigreich sucht regionale Partner im Rahmen seiner Strategie, die illegale Migration \u00fcber den \u00c4rmelkanal einzud\u00e4mmen, wo in diesem Jahr mehr als 37 000 \u00dcberfahrten registriert wurden\u00a0 ein Anstieg um 30 % im Vergleich zum Vorjahr. \/Albinfo.ch<\/p>\n","protected":false},"excerpt":{"rendered":"<p>Im Gegenzug f\u00fcr sicherheitspolitische Unterst\u00fctzung k\u00f6nnte Kosovo bereit sein, Migranten aus Gro\u00dfbritannien aufzunehmen.<\/p>\n","protected":false},"author":6,"featured_media":869139,"comment_status":"closed","ping_status":"closed","sticky":false,"template":"","format":"standard","meta":{"footnotes":""},"categories":[33056,23263,1130,3952,23269,23262,24621,24635,1129,1398],"tags":[],"vendi":[],"content_country":[],"class_list":["post-869309","post","type-post","status-publish","format-standard","has-post-thumbnail","hentry","category-de-balkani-de","category-kosova-de-2","category-aktuell","category-kosova-de","category-news","category-at-balkani-de","category-kosova-de-3","category-nachrichten-de-3","category-ch-balkan","category-non-classifiee-de"],"acf":[],"_links":{"self":[{"href":"https:\/\/www.albinfo.at\/de\/wp-json\/wp\/v2\/posts\/869309","targetHints":{"allow":["GET"]}}],"collection":[{"href":"https:\/\/www.albinfo.at\/de\/wp-json\/wp\/v2\/posts"}],"about":[{"href":"https:\/\/www.albinfo.at\/de\/wp-json\/wp\/v2\/types\/post"}],"author":[{"embeddable":true,"href":"https:\/\/www.albinfo.at\/de\/wp-json\/wp\/v2\/users\/6"}],"replies":[{"embeddable":true,"href":"https:\/\/www.albinfo.at\/de\/wp-json\/wp\/v2\/comments?post=869309"}],"version-history":[{"count":3,"href":"https:\/\/www.albinfo.at\/de\/wp-json\/wp\/v2\/posts\/869309\/revisions"}],"predecessor-version":[{"id":869481,"href":"https:\/\/www.albinfo.at\/de\/wp-json\/wp\/v2\/posts\/869309\/revisions\/869481"}],"wp:featuredmedia":[{"embeddable":true,"href":"https:\/\/www.albinfo.at\/de\/wp-json\/wp\/v2\/media\/869139"}],"wp:attachment":[{"href":"https:\/\/www.albinfo.at\/de\/wp-json\/wp\/v2\/media?parent=869309"}],"wp:term":[{"taxonomy":"category","embeddable":true,"href":"https:\/\/www.albinfo.at\/de\/wp-json\/wp\/v2\/categories?post=869309"},{"taxonomy":"post_tag","embeddable":true,"href":"https:\/\/www.albinfo.at\/de\/wp-json\/wp\/v2\/tags?post=869309"},{"taxonomy":"vendi","embeddable":true,"href":"https:\/\/www.albinfo.at\/de\/wp-json\/wp\/v2\/vendi?post=869309"},{"taxonomy":"content_country","embeddable":true,"href":"https:\/\/www.albinfo.at\/de\/wp-json\/wp\/v2\/content_country?post=869309"}],"curies":[{"name":"wp","href":"https:\/\/api.w.org\/{rel}","templated":true}]}}