{"id":869270,"date":"2025-10-22T19:03:10","date_gmt":"2025-10-22T17:03:10","guid":{"rendered":"https:\/\/www.albinfo.ch\/?p=869270"},"modified":"2025-10-23T14:01:33","modified_gmt":"2025-10-23T12:01:33","slug":"kreshnik-dreshaj-aus-peja-schliesst-sein-studium-in-den-usa-ab","status":"publish","type":"post","link":"https:\/\/www.albinfo.at\/de\/kreshnik-dreshaj-aus-peja-schliesst-sein-studium-in-den-usa-ab\/","title":{"rendered":"Kreshnik Dreshaj aus Peja schlie\u00dft sein Studium in den USA ab."},"content":{"rendered":"<p data-start=\"620\" data-end=\"839\">Hauptmann Kreshnik Dreshaj hat den Karrierelehrgang f\u00fcr Hauptleute im Bereich Milit\u00e4ringenieurwesen in Fort Leonard Wood, in den Vereinigten Staaten von Amerika, abgeschlossen, berichtet albinfo.ch.<\/p>\n<p data-start=\"841\" data-end=\"932\">Dies wurde durch einen Beitrag der Kosovo-Sicherheitskr\u00e4fte auf Facebook bekannt gegeben.<\/p>\n<p data-start=\"934\" data-end=\"1113\">Laut dieser Mitteilung konzentrierte sich die Ausbildung auf die Vorbereitung junger F\u00fchrungskr\u00e4fte f\u00fcr die Planung, Leitung und Durchf\u00fchrung milit\u00e4rischer Ingenieuroperationen.<\/p>\n<p data-start=\"1115\" data-end=\"1251\" data-is-last-node=\"\" data-is-only-node=\"\">\u201eDie KSF st\u00e4rkt ihre beruflichen Kapazit\u00e4ten mit Unterst\u00fctzung ihrer Partner und nach den h\u00f6chsten Standards der NATO-Mitgliedsstaaten.\u201c<\/p>\n","protected":false},"excerpt":{"rendered":"<p>Hauptmann Kreshnik Dreshaj hat den Karrierelehrgang f\u00fcr Hauptleute im Bereich Milit\u00e4ringenieurwesen in Fort Leonard Wood, in den Vereinigten Staaten von Amerika, abgeschlossen, berichtet albinfo.ch. Dies wurde durch einen Beitrag der Kosovo-Sicherheitskr\u00e4fte auf Facebook bekannt gegeben. Laut dieser Mitteilung konzentrierte sich die Ausbildung auf die Vorbereitung junger F\u00fchrungskr\u00e4fte f\u00fcr die Planung, Leitung und Durchf\u00fchrung milit\u00e4rischer Ingenieuroperationen. [&hellip;]<\/p>\n","protected":false},"author":6,"featured_media":869114,"comment_status":"closed","ping_status":"closed","sticky":false,"template":"","format":"standard","meta":{"footnotes":""},"categories":[33056,23263,24636,1134,1130,3952,23269,23262,24621,24631,24635,24639,1129,1133],"tags":[],"vendi":[],"content_country":[29888,31836,31837],"class_list":["post-869270","post","type-post","status-publish","format-standard","has-post-thumbnail","hentry","category-de-balkani-de","category-kosova-de-2","category-nachrichten-de-4","category-integration","category-aktuell","category-kosova-de","category-news","category-at-balkani-de","category-kosova-de-3","category-nachrichten-de-2","category-nachrichten-de-3","category-karriere-balkan-de","category-ch-balkan","category-e-diaspora-de","content_country-zvicer","content_country-austria-de","content_country-germany-de"],"acf":[],"_links":{"self":[{"href":"https:\/\/www.albinfo.at\/de\/wp-json\/wp\/v2\/posts\/869270","targetHints":{"allow":["GET"]}}],"collection":[{"href":"https:\/\/www.albinfo.at\/de\/wp-json\/wp\/v2\/posts"}],"about":[{"href":"https:\/\/www.albinfo.at\/de\/wp-json\/wp\/v2\/types\/post"}],"author":[{"embeddable":true,"href":"https:\/\/www.albinfo.at\/de\/wp-json\/wp\/v2\/users\/6"}],"replies":[{"embeddable":true,"href":"https:\/\/www.albinfo.at\/de\/wp-json\/wp\/v2\/comments?post=869270"}],"version-history":[{"count":1,"href":"https:\/\/www.albinfo.at\/de\/wp-json\/wp\/v2\/posts\/869270\/revisions"}],"predecessor-version":[{"id":869271,"href":"https:\/\/www.albinfo.at\/de\/wp-json\/wp\/v2\/posts\/869270\/revisions\/869271"}],"wp:featuredmedia":[{"embeddable":true,"href":"https:\/\/www.albinfo.at\/de\/wp-json\/wp\/v2\/media\/869114"}],"wp:attachment":[{"href":"https:\/\/www.albinfo.at\/de\/wp-json\/wp\/v2\/media?parent=869270"}],"wp:term":[{"taxonomy":"category","embeddable":true,"href":"https:\/\/www.albinfo.at\/de\/wp-json\/wp\/v2\/categories?post=869270"},{"taxonomy":"post_tag","embeddable":true,"href":"https:\/\/www.albinfo.at\/de\/wp-json\/wp\/v2\/tags?post=869270"},{"taxonomy":"vendi","embeddable":true,"href":"https:\/\/www.albinfo.at\/de\/wp-json\/wp\/v2\/vendi?post=869270"},{"taxonomy":"content_country","embeddable":true,"href":"https:\/\/www.albinfo.at\/de\/wp-json\/wp\/v2\/content_country?post=869270"}],"curies":[{"name":"wp","href":"https:\/\/api.w.org\/{rel}","templated":true}]}}