{"id":868965,"date":"2025-10-21T20:31:15","date_gmt":"2025-10-21T18:31:15","guid":{"rendered":"https:\/\/www.albinfo.ch\/?p=868965"},"modified":"2025-10-21T23:06:03","modified_gmt":"2025-10-21T21:06:03","slug":"mira-murati-wird-zur-ehrenbuergerin-von-vlore-ernannt","status":"publish","type":"post","link":"https:\/\/www.albinfo.at\/de\/mira-murati-wird-zur-ehrenbuergerin-von-vlore-ernannt\/","title":{"rendered":"Mira Murati wird zur \u201eEhrenb\u00fcrgerin\u201c von Vlor\u00eb ernannt."},"content":{"rendered":"<article class=\"text-token-text-primary w-full focus:outline-none [--shadow-height:45px] has-data-writing-block:pointer-events-none has-data-writing-block:-mt-(--shadow-height) has-data-writing-block:pt-(--shadow-height) [&amp;:has([data-writing-block])&gt;*]:pointer-events-auto scroll-mt-[calc(var(--header-height)+min(200px,max(70px,20svh)))]\" dir=\"auto\" tabindex=\"-1\" data-turn-id=\"request-68f173bc-1380-832a-9443-1fbcf8c66517-5\" data-testid=\"conversation-turn-238\" data-scroll-anchor=\"true\" data-turn=\"assistant\">\n<div class=\"text-base my-auto mx-auto pb-10 [--thread-content-margin:--spacing(4)] thread-sm:[--thread-content-margin:--spacing(6)] thread-lg:[--thread-content-margin:--spacing(16)] px-(--thread-content-margin)\">\n<div class=\"[--thread-content-max-width:40rem] thread-lg:[--thread-content-max-width:48rem] mx-auto max-w-(--thread-content-max-width) flex-1 group\/turn-messages focus-visible:outline-hidden relative flex w-full min-w-0 flex-col agent-turn\" tabindex=\"-1\">\n<div class=\"flex max-w-full flex-col grow\">\n<div class=\"min-h-8 text-message relative flex w-full flex-col items-end gap-2 text-start break-words whitespace-normal [.text-message+&amp;]:mt-1\" dir=\"auto\" data-message-author-role=\"assistant\" data-message-id=\"665a3afb-3ff9-4362-a473-02c439d3da45\" data-message-model-slug=\"gpt-5\">\n<div class=\"flex w-full flex-col gap-1 empty:hidden first:pt-[1px]\">\n<div class=\"markdown prose dark:prose-invert w-full break-words light markdown-new-styling\">\n<p data-start=\"1773\" data-end=\"1971\">Die Gemeinde Vlor\u00eb hat die albanische Ingenieurin und Unternehmerin von Weltruf f\u00fcr ihren Beitrag im Bereich Technologie und k\u00fcnstlicher Intelligenz geehrt, berichtet albinfo.ch.<\/p>\n<p data-start=\"1973\" data-end=\"2248\">Bei einer feierlichen Zeremonie im \u201ePetro Marko\u201c Theater ehrte die Gemeinde Vlor\u00eb die bekannte Ingenieurin und Unternehmerin Mira Murati mit dem Titel \u201eEhrenb\u00fcrgerin\u201c, eine der herausragendsten albanischen Pers\u00f6nlichkeiten im Bereich Technologie und k\u00fcnstliche Intelligenz.<\/p>\n<p data-start=\"2250\" data-end=\"2504\">Murati, die das renommierte Unternehmen \u201eOpenAI\u201c geleitet hat und derzeit Gr\u00fcnderin von \u201eThinking Machines Lab\u201c ist, wurde f\u00fcr ihre Leistungen in den Bereichen Innovation, F\u00fchrung und F\u00f6rderung albanischer Werte auf internationaler Ebene ausgezeichnet.<\/p>\n<p data-start=\"2506\" data-end=\"2728\">Aufgrund ihrer Verpflichtungen im Ausland konnte Murati an der Zeremonie nicht teilnehmen; die Auszeichnung nahm ihre Mutter in ihrem Namen entgegen und \u00fcbermittelte die Emotionen und den Dank der Familie f\u00fcr diese Ehre.<\/p>\n<p data-start=\"2730\" data-end=\"3063\">\u201eDanke an Vlor\u00eb, die Stadt, in der Mira geboren und aufgewachsen ist. Auch wenn sie im Ausland lebt, verfolgt sie mit gro\u00dfem Interesse die Entwicklungen in Albanien und in ihrer geliebten Heimatstadt. Als Familie sind wir dankbar f\u00fcr diese Anerkennung und w\u00fcnschen Ihnen viel Erfolg in Ihrer Arbeit zum Wohle von Vlor\u00eb\u201c, sagte sie.<\/p>\n<p data-start=\"3065\" data-end=\"3231\">Neben Murati wurde auch der bekannte Tenor Josif Gjipali mit dem Titel \u201eEhrenb\u00fcrger\u201c ausgezeichnet\u00a0 f\u00fcr seinen wertvollen Beitrag zur albanischen Kunst und Kultur.<\/p>\n<p data-start=\"3233\" data-end=\"3439\" data-is-last-node=\"\" data-is-only-node=\"\">An der Zeremonie nahmen lokale Vertreter, Pers\u00f6nlichkeiten der Stadt und B\u00fcrger von Vlor\u00eb teil, die die Pers\u00f6nlichkeiten feierten, die den Namen Vlor\u00ebs auf nationaler und internationaler Ebene geehrt haben.<\/p>\n<\/div>\n<\/div>\n<\/div>\n<\/div>\n<div class=\"z-0 flex min-h-[46px] justify-start\"><\/div>\n<div class=\"mt-3 w-full empty:hidden\">\n<div class=\"text-center\"><\/div>\n<\/div>\n<\/div>\n<\/div>\n<\/article>\n<div class=\"pointer-events-none h-px w-px\" aria-hidden=\"true\" data-edge=\"true\"><\/div>\n","protected":false},"excerpt":{"rendered":"<p>Die Gemeinde Vlor\u00eb ehrt Mira Murati mit dem Titel \u201eEhrenb\u00fcrgerin\u201c<\/p>\n","protected":false},"author":6,"featured_media":650243,"comment_status":"closed","ping_status":"closed","sticky":false,"template":"","format":"standard","meta":{"footnotes":""},"categories":[33056,33439,24636,1134,23264,23266,23262,24622,24631,24635,24691,24695,1133],"tags":[],"vendi":[],"content_country":[29888,31836,31837],"class_list":["post-868965","post","type-post","status-publish","format-standard","has-post-thumbnail","hentry","category-de-balkani-de","category-kuriositaeten-de","category-nachrichten-de-4","category-integration","category-albania","category-entwicklung","category-at-balkani-de","category-albanien-de","category-nachrichten-de-2","category-nachrichten-de-3","category-kuriositaeten","category-autotech-de","category-e-diaspora-de","content_country-zvicer","content_country-austria-de","content_country-germany-de"],"acf":[],"_links":{"self":[{"href":"https:\/\/www.albinfo.at\/de\/wp-json\/wp\/v2\/posts\/868965","targetHints":{"allow":["GET"]}}],"collection":[{"href":"https:\/\/www.albinfo.at\/de\/wp-json\/wp\/v2\/posts"}],"about":[{"href":"https:\/\/www.albinfo.at\/de\/wp-json\/wp\/v2\/types\/post"}],"author":[{"embeddable":true,"href":"https:\/\/www.albinfo.at\/de\/wp-json\/wp\/v2\/users\/6"}],"replies":[{"embeddable":true,"href":"https:\/\/www.albinfo.at\/de\/wp-json\/wp\/v2\/comments?post=868965"}],"version-history":[{"count":1,"href":"https:\/\/www.albinfo.at\/de\/wp-json\/wp\/v2\/posts\/868965\/revisions"}],"predecessor-version":[{"id":868968,"href":"https:\/\/www.albinfo.at\/de\/wp-json\/wp\/v2\/posts\/868965\/revisions\/868968"}],"wp:featuredmedia":[{"embeddable":true,"href":"https:\/\/www.albinfo.at\/de\/wp-json\/wp\/v2\/media\/650243"}],"wp:attachment":[{"href":"https:\/\/www.albinfo.at\/de\/wp-json\/wp\/v2\/media?parent=868965"}],"wp:term":[{"taxonomy":"category","embeddable":true,"href":"https:\/\/www.albinfo.at\/de\/wp-json\/wp\/v2\/categories?post=868965"},{"taxonomy":"post_tag","embeddable":true,"href":"https:\/\/www.albinfo.at\/de\/wp-json\/wp\/v2\/tags?post=868965"},{"taxonomy":"vendi","embeddable":true,"href":"https:\/\/www.albinfo.at\/de\/wp-json\/wp\/v2\/vendi?post=868965"},{"taxonomy":"content_country","embeddable":true,"href":"https:\/\/www.albinfo.at\/de\/wp-json\/wp\/v2\/content_country?post=868965"}],"curies":[{"name":"wp","href":"https:\/\/api.w.org\/{rel}","templated":true}]}}