{"id":868892,"date":"2025-10-21T19:21:42","date_gmt":"2025-10-21T17:21:42","guid":{"rendered":"https:\/\/www.albinfo.ch\/?p=868892"},"modified":"2025-10-21T23:10:30","modified_gmt":"2025-10-21T21:10:30","slug":"die-skifahrerin-colturi-ist-bereit-geschichte-mit-albanien-zu-schreiben","status":"publish","type":"post","link":"https:\/\/www.albinfo.at\/de\/die-skifahrerin-colturi-ist-bereit-geschichte-mit-albanien-zu-schreiben\/","title":{"rendered":"Die Skifahrerin Colturi ist bereit, Geschichte mit Albanien zu schreiben"},"content":{"rendered":"<p data-start=\"1606\" data-end=\"1882\">Die junge Skifahrerin Lara Colturi, 18 Jahre alt, in Italien geboren, aber inzwischen f\u00fcr Albanien startend, k\u00f6nnte zur Protagonistin eines historischen Moments werden: der ersten Medaille des Landes bei den Olympischen Winterspielen, berichtet albinfo.ch.<\/p>\n<p data-start=\"1884\" data-end=\"2310\">Colturi blickt bereits auf eine beeindruckende Karriere im alpinen Skisport zur\u00fcck, mit zwei zweiten und einem dritten Platz in der vergangenen Saison. Sie zeigt au\u00dfergew\u00f6hnliches Talent und gro\u00dfe Konstanz im Wettkampf. Neben ihren technischen F\u00e4higkeiten wird sie stark unterst\u00fctzt von ihrer Mutter und Trainerin Daniela Ceccarelli, Olympiasiegerin im Super-G im Jahr 2002, sowie vom neuen Trainer Alessandro Schiasselloni.<\/p>\n<p data-start=\"2312\" data-end=\"2560\">&#8220;F\u00fcr Albanien anzutreten ist etwas sehr Positives. Der Verband hat keine lange Skitradition, unterst\u00fctzt mich aber au\u00dfergew\u00f6hnlich gut. Ich w\u00e4re sehr gl\u00fccklich, wenn ich junge albanische Skifahrerinnen und Fans inspirieren k\u00f6nnte\u201c, sagte Colturi.<\/p>\n<p data-start=\"2562\" data-end=\"2844\">Ihre Sommer-Vorbereitungen und die Zusammenarbeit mit einem Team von sieben Trainern \u2013 darunter Beratung durch Ski-Star Lara Gut-Behrami &#8211; haben Colturi optimal auf die Herausforderungen der kommenden Saison vorbereitet, einschlie\u00dflich des Er\u00f6ffnungsrennens in S\u00f6lden, \u00d6sterreich.<\/p>\n<p data-start=\"2846\" data-end=\"3024\">Neben dem Skifahren hat Lara Colturi auch Erfahrung im Eiskunstlauf, ein Talent, das ihr nach eigener Aussage hilft, Stabilit\u00e4t und Leichtigkeit auf eisigen Pisten zu bewahren.<\/p>\n<p data-start=\"3026\" data-end=\"3259\" data-is-last-node=\"\" data-is-only-node=\"\">Gelingt ihr der Erfolg, k\u00f6nnte Colturi ein neues Kapitel in der Sportgeschichte Albaniens schreiben, dem Land einen neuen olympischen Stern schenken und kommende Generationen albanischer Sportlerinnen und Sportler inspirieren. \/Blick<\/p>\n","protected":false},"excerpt":{"rendered":"<p>Blick: Lara Colturi strebt die erste olympische Medaille f\u00fcr Albanien an<\/p>\n","protected":false},"author":6,"featured_media":826133,"comment_status":"closed","ping_status":"closed","sticky":false,"template":"","format":"standard","meta":{"footnotes":""},"categories":[33056,10649,24641,23264,1130,23269,23262,24622,24631,24635,1129,1139],"tags":[],"vendi":[],"content_country":[29888,31836,31837],"class_list":["post-868892","post","type-post","status-publish","format-standard","has-post-thumbnail","hentry","category-de-balkani-de","category-albanien","category-andere-de-2","category-albania","category-aktuell","category-news","category-at-balkani-de","category-albanien-de","category-nachrichten-de-2","category-nachrichten-de-3","category-ch-balkan","category-sport","content_country-zvicer","content_country-austria-de","content_country-germany-de"],"acf":[],"_links":{"self":[{"href":"https:\/\/www.albinfo.at\/de\/wp-json\/wp\/v2\/posts\/868892","targetHints":{"allow":["GET"]}}],"collection":[{"href":"https:\/\/www.albinfo.at\/de\/wp-json\/wp\/v2\/posts"}],"about":[{"href":"https:\/\/www.albinfo.at\/de\/wp-json\/wp\/v2\/types\/post"}],"author":[{"embeddable":true,"href":"https:\/\/www.albinfo.at\/de\/wp-json\/wp\/v2\/users\/6"}],"replies":[{"embeddable":true,"href":"https:\/\/www.albinfo.at\/de\/wp-json\/wp\/v2\/comments?post=868892"}],"version-history":[{"count":1,"href":"https:\/\/www.albinfo.at\/de\/wp-json\/wp\/v2\/posts\/868892\/revisions"}],"predecessor-version":[{"id":868897,"href":"https:\/\/www.albinfo.at\/de\/wp-json\/wp\/v2\/posts\/868892\/revisions\/868897"}],"wp:featuredmedia":[{"embeddable":true,"href":"https:\/\/www.albinfo.at\/de\/wp-json\/wp\/v2\/media\/826133"}],"wp:attachment":[{"href":"https:\/\/www.albinfo.at\/de\/wp-json\/wp\/v2\/media?parent=868892"}],"wp:term":[{"taxonomy":"category","embeddable":true,"href":"https:\/\/www.albinfo.at\/de\/wp-json\/wp\/v2\/categories?post=868892"},{"taxonomy":"post_tag","embeddable":true,"href":"https:\/\/www.albinfo.at\/de\/wp-json\/wp\/v2\/tags?post=868892"},{"taxonomy":"vendi","embeddable":true,"href":"https:\/\/www.albinfo.at\/de\/wp-json\/wp\/v2\/vendi?post=868892"},{"taxonomy":"content_country","embeddable":true,"href":"https:\/\/www.albinfo.at\/de\/wp-json\/wp\/v2\/content_country?post=868892"}],"curies":[{"name":"wp","href":"https:\/\/api.w.org\/{rel}","templated":true}]}}