{"id":868851,"date":"2025-10-21T16:39:54","date_gmt":"2025-10-21T14:39:54","guid":{"rendered":"https:\/\/www.albinfo.ch\/?p=868851"},"modified":"2025-10-22T17:25:22","modified_gmt":"2025-10-22T15:25:22","slug":"goldfroeschli-zwei-albanische-schwestern-schaffen-eine-magische-welt-fuer-kinder-in-der-schweiz","status":"publish","type":"post","link":"https:\/\/www.albinfo.at\/de\/goldfroeschli-zwei-albanische-schwestern-schaffen-eine-magische-welt-fuer-kinder-in-der-schweiz\/","title":{"rendered":"\u201eGoldfr\u00f6schli\u201c: Zwei albanische Schwestern schaffen eine magische Welt f\u00fcr Kinder in der Schweiz"},"content":{"rendered":"<p data-start=\"1720\" data-end=\"2399\">Dort, wo Kinder frei lachen, tanzen und tr\u00e4umen k\u00f6nnen, ist in Teufenthal das \u201e<a href=\"https:\/\/www.facebook.com\/p\/Goldfr%C3%B6schlis-Kinderwelt-61577007765606\/\">Goldfr\u00f6schli<\/a>\u201c entstanden\u00a0 ein Ort, der W\u00e4rme, Freude und goldene Erinnerungen f\u00fcr die ganze Familie schafft.<br data-start=\"1926\" data-end=\"1929\" \/>Hinter diesem leuchtenden Namen stehen zwei albanische Schwestern, Arjana Dedaj und Besa Rrasi, mit Wurzeln im Kosovo &#8211; M\u00fctter und Vision\u00e4rinnen, die eine einfache Idee in einen Raum verwandelt haben, in dem Kinder Freude und Eltern Ruhe finden.<br data-start=\"2174\" data-end=\"2177\" \/>In diesem Interview teilen sie ihre inspirierende Reise, ihre Emotionen, Herausforderungen und eine Botschaft, die \u00fcber das Gesch\u00e4ft hinausgeht: einen Ort zu schaffen, der die Liebe zur Familie und zu Kindern verk\u00f6rpert.<\/p>\n<p data-start=\"2401\" data-end=\"2898\"><strong data-start=\"2401\" data-end=\"2497\">albinfo.ch: Wie entstand die Idee, ein Freizeitzentrum f\u00fcr Kinder in der Schweiz zu gr\u00fcnden?<\/strong><br data-start=\"2497\" data-end=\"2500\" \/><strong data-start=\"2500\" data-end=\"2532\">Arjana Dedaj und Besa Rrasi:<\/strong> Die Idee entstand aus dem Wunsch, etwas anderes zu schaffen\u00a0 einen Ort, an dem Kinder sich frei und gl\u00fccklich f\u00fchlen und Eltern sich unbesorgt entspannen k\u00f6nnen. Als M\u00fctter und Schwestern sp\u00fcrten wir das Fehlen eines Raums, in dem alle Familienmitglieder wertvolle Zeit miteinander verbringen k\u00f6nnen. So entstand das \u201e<a href=\"https:\/\/www.facebook.com\/p\/Goldfr%C3%B6schlis-Kinderwelt-61577007765606\/\">Goldfr\u00f6schli<\/a>\u201c\u00a0 eine kleine Welt des Gl\u00fccks.<\/p>\n<p data-start=\"2900\" data-end=\"3375\" data-is-last-node=\"\" data-is-only-node=\"\"><strong data-start=\"2900\" data-end=\"2995\">albinfo.ch: War es ein lang gehegter Traum oder ein Bed\u00fcrfnis, das aus dem Alltag entstand?<\/strong><br data-start=\"2995\" data-end=\"2998\" \/>Jeden Tag sp\u00fcrten wir das Fehlen von etwas Kleinem, aber Bedeutendem. In der Schweiz, zwischen dem hektischen Alltag und den langen Regentagen, fehlte dieses Gef\u00fchl von W\u00e4rme, das an Ferien erinnert. Wir wollten diese Atmosph\u00e4re von Spielen, L\u00e4cheln und Licht f\u00fcr Kinder schaffen\u00a0 einen Ort, an dem die Zeit f\u00fcr einen Moment stillsteht und die sch\u00f6nsten Erinnerungen beginnen.<\/p>\n<p><strong><a href=\"https:\/\/www.albinfo.ch\/wp-content\/uploads\/2025\/10\/motrat-2.jpg\"><img loading=\"lazy\" decoding=\"async\" class=\"alignnone size-large wp-image-867194\" src=\"https:\/\/www.albinfo.ch\/wp-content\/uploads\/2025\/10\/motrat-2-892x1024.jpg\" alt=\"\" width=\"640\" height=\"735\" srcset=\"https:\/\/www.albinfo.at\/wp-content\/uploads\/2025\/10\/motrat-2-892x1024.jpg 892w, https:\/\/www.albinfo.at\/wp-content\/uploads\/2025\/10\/motrat-2-261x300.jpg 261w, https:\/\/www.albinfo.at\/wp-content\/uploads\/2025\/10\/motrat-2-768x881.jpg 768w, https:\/\/www.albinfo.at\/wp-content\/uploads\/2025\/10\/motrat-2-1338x1536.jpg 1338w, https:\/\/www.albinfo.at\/wp-content\/uploads\/2025\/10\/motrat-2-345x396.jpg 345w, https:\/\/www.albinfo.at\/wp-content\/uploads\/2025\/10\/motrat-2-87x100.jpg 87w, https:\/\/www.albinfo.at\/wp-content\/uploads\/2025\/10\/motrat-2-152x175.jpg 152w, https:\/\/www.albinfo.at\/wp-content\/uploads\/2025\/10\/motrat-2.jpg 1394w\" sizes=\"auto, (max-width: 640px) 100vw, 640px\" \/><\/a><\/strong><\/p>\n<p data-start=\"4166\" data-end=\"4577\"><strong data-start=\"4184\" data-end=\"4292\">albinfo.ch: Wie hat Ihre Erfahrung als Schwestern, M\u00fctter und Fachfrauen diese Entscheidung beeinflusst?<\/strong><br data-start=\"4292\" data-end=\"4295\" \/>Schwestern zu sein, ist ein echtes Geschenk. Wir kennen den Rhythmus, die St\u00e4rke und die Tr\u00e4ume der jeweils anderen. Die Unterst\u00fctzung der Familie war auf diesem Weg entscheidend. Wir haben gelernt, dass Gro\u00dfes nur entsteht, wenn man sich mit Liebe und Vertrauen zusammenschlie\u00dft.<\/p>\n<p data-start=\"4579\" data-end=\"4902\"><strong data-start=\"4579\" data-end=\"4640\">albinfo.ch: Was bietet das Zentrum konkret f\u00fcr Kinder an?<\/strong><br data-start=\"4640\" data-end=\"4643\" \/><a href=\"https:\/\/www.facebook.com\/p\/Goldfr%C3%B6schlis-Kinderwelt-61577007765606\/\">\u201eGoldfr\u00f6schli<\/a>\u201c wurde f\u00fcr Kinder im Alter von 1 bis 12 Jahren geschaffen. Sie k\u00f6nnen den gro\u00dfen Trampolinbereich, die Vulkanrutsche, den Kleinkindbereich, das H\u00fcpfburg-Schloss und das einzigartige Karussell genie\u00dfen\u00a0 die beliebteste Attraktion des Zentrums.<\/p>\n<p data-start=\"4904\" data-end=\"5297\"><strong data-start=\"4904\" data-end=\"4971\">albinfo.ch: Wie ist der Raum gestaltet und wo befindet er sich?<\/strong><br data-start=\"4971\" data-end=\"4974\" \/>Das Zentrum befindet sich in der Wynenthalstrasse 1, Teufenthal (AG), nur 10 Minuten von Reinach, Menziken und Suhr entfernt, mit direkter Zugverbindung von Aarau und gro\u00dfz\u00fcgigen Parkm\u00f6glichkeiten. Es ist ein Ort, an dem jedes Kind, aber auch die Eltern, etwas f\u00fcr sich finden\u00a0 ein Gleichgewicht zwischen Spiel und Ruhe.<\/p>\n<p data-start=\"5299\" data-end=\"5689\"><strong data-start=\"5299\" data-end=\"5366\">albinfo.ch: Planen Sie auch kreative oder kulturelle Programme?<\/strong><br data-start=\"5366\" data-end=\"5369\" \/>Ja, das ist Teil der Seele von \u201e<a href=\"https:\/\/www.facebook.com\/p\/Goldfr%C3%B6schlis-Kinderwelt-61577007765606\/\">Goldfr\u00f6schli<\/a>\u201c. Neben den Spielaktivit\u00e4ten werden auch Bildungs, Kunst und Thementage organisiert. Ein Beispiel ist der \u201eHerzensmontag\u201c\u00a0 jeden Montag \u00f6ffnen wir unsere T\u00fcren ausschlie\u00dflich f\u00fcr Kinder mit Behinderungen, damit auch sie ihren sicheren und ruhigen Raum zum L\u00e4cheln haben.<\/p>\n<p data-start=\"5691\" data-end=\"6034\"><strong data-start=\"5691\" data-end=\"5767\">albinfo.ch: Wie haben Sie das Zentrum auch f\u00fcr Eltern attraktiv gemacht?<\/strong><br data-start=\"5767\" data-end=\"5770\" \/>Wir wissen, wie wichtig eine Pause f\u00fcr Eltern ist. Deshalb bieten wir eine hervorragende K\u00fcche mit t\u00e4glich frisch zubereiteten Pizzen, leckeren Aperitifs und einer entspannten Atmosph\u00e4re\u00a0 ein Ort, an dem man sich wie im Urlaub f\u00fchlt, w\u00e4hrend die Kinder spielen.<\/p>\n<p data-start=\"6036\" data-end=\"6343\"><strong data-start=\"6036\" data-end=\"6123\">albinfo.ch: Was waren die gr\u00f6\u00dften Herausforderungen bei der Umsetzung des Projekts?<\/strong><br data-start=\"6123\" data-end=\"6126\" \/>Den richtigen Standort zu finden, Genehmigungen zu erhalten und den Bau zu realisieren, waren echte Geduldsproben. Aber wenn man die lachenden Gesichter der Kinder vor Augen hat, wird jedes Hindernis zur Motivation.<\/p>\n<p data-start=\"6345\" data-end=\"6684\"><strong data-start=\"6345\" data-end=\"6460\">albinfo.ch: Wie war Ihr Weg als zwei albanische Schwestern in der Schweiz, die ein solches Unternehmen starten?<\/strong><br data-start=\"6460\" data-end=\"6463\" \/>Wir sind hier aufgewachsen und haben gelernt, dass jeder Traum Arbeit, Geduld und Herz verlangt. Wir wollten zeigen, dass man auch als Frauen, M\u00fctter und Albanerinnen etwas Wertvolles f\u00fcr die Gemeinschaft schaffen kann.<\/p>\n<p data-start=\"6686\" data-end=\"6988\"><strong data-start=\"6686\" data-end=\"6752\">albinfo.ch: Gab es Momente, in denen Sie ans Aufgeben dachten?<\/strong><br data-start=\"6752\" data-end=\"6755\" \/>Nat\u00fcrlich, aber immer wenn wir m\u00fcde waren, erinnerten wir uns an den Grund, warum wir begonnen hatten: die Liebe zu den Kindern. Diese Liebe hat uns getragen und zu dieser Realit\u00e4t gef\u00fchrt, die wir heute mit vielen Familien teilen.<\/p>\n<p data-start=\"6990\" data-end=\"7299\"><strong data-start=\"6990\" data-end=\"7049\">albinfo.ch: Wo sehen Sie \u201eGoldfr\u00f6schli\u201c in f\u00fcnf Jahren?<\/strong><br data-start=\"7049\" data-end=\"7052\" \/>Wir sehen es als einen Ort, der in der Erinnerung jedes Kindes bleibt\u00a0 eine Oase der Freude, die jeden Tag erhellt. Ein Zentrum, in dem Kinder sich frei, geliebt und wertgesch\u00e4tzt f\u00fchlen\u00a0 dort, wo die sch\u00f6nsten Kindheitserinnerungen entstehen.<\/p>\n<p data-start=\"7301\" data-end=\"7626\"><strong data-start=\"7301\" data-end=\"7366\">albinfo.ch: Welche Botschaft m\u00f6chten Sie den Eltern mitgeben?<\/strong><br data-start=\"7366\" data-end=\"7369\" \/>Jedes Kind ist eine eigene Welt, ein goldener Schatz, der Liebe und unsere Pr\u00e4senz braucht. Kommen Sie und teilen Sie diese Zeit mit ihnen. Denn bei \u201eGoldfr\u00f6schli\u201c glauben wir, dass die sch\u00f6nsten Momente entstehen, wenn man spielt, lacht und zusammen ist.<\/p>\n<p data-start=\"7628\" data-end=\"8169\" data-is-last-node=\"\" data-is-only-node=\"\"><a href=\"https:\/\/www.facebook.com\/p\/Goldfr%C3%B6schlis-Kinderwelt-61577007765606\/\">\u201eGoldfr\u00f6schli<\/a>\u201c ist ein Ort, an dem Erinnerungen entstehen, Kinder mit Freude aufwachsen und Eltern wieder lernen, von Herzen zu lachen.<br data-start=\"7763\" data-end=\"7766\" \/>Die Geschichte der beiden Schwestern, die diesen Ort geschaffen haben, zeigt, dass Liebe, Mut und Hingabe etwas schaffen k\u00f6nnen, das viele Herzen ber\u00fchrt.<br data-start=\"7920\" data-end=\"7923\" \/>In jedem Kinderlachen, im Duft frischer Pizza und in jedem kleinen Schritt, der mit leuchtenden Augen l\u00e4uft, sp\u00fcrt man den Geist eines verwirklichten Traums\u00a0 einer gl\u00fccklichen, goldenen Kindheit, die \u201eGoldfr\u00f6schli\u201c jeder Familie schenken m\u00f6chte.<\/p>\n<p><strong><a href=\"https:\/\/www.albinfo.ch\/wp-content\/uploads\/2025\/10\/motrat-3.jpg\"><img loading=\"lazy\" decoding=\"async\" class=\"alignnone size-large wp-image-867197\" src=\"https:\/\/www.albinfo.ch\/wp-content\/uploads\/2025\/10\/motrat-3-1024x682.jpg\" alt=\"\" width=\"640\" height=\"426\" srcset=\"https:\/\/www.albinfo.at\/wp-content\/uploads\/2025\/10\/motrat-3-1024x682.jpg 1024w, https:\/\/www.albinfo.at\/wp-content\/uploads\/2025\/10\/motrat-3-300x200.jpg 300w, https:\/\/www.albinfo.at\/wp-content\/uploads\/2025\/10\/motrat-3-768x512.jpg 768w, https:\/\/www.albinfo.at\/wp-content\/uploads\/2025\/10\/motrat-3-1536x1023.jpg 1536w, https:\/\/www.albinfo.at\/wp-content\/uploads\/2025\/10\/motrat-3-586x389.jpg 586w, https:\/\/www.albinfo.at\/wp-content\/uploads\/2025\/10\/motrat-3-210x141.jpg 210w, https:\/\/www.albinfo.at\/wp-content\/uploads\/2025\/10\/motrat-3-587x391.jpg 587w, https:\/\/www.albinfo.at\/wp-content\/uploads\/2025\/10\/motrat-3-150x100.jpg 150w, https:\/\/www.albinfo.at\/wp-content\/uploads\/2025\/10\/motrat-3-263x175.jpg 263w, https:\/\/www.albinfo.at\/wp-content\/uploads\/2025\/10\/motrat-3.jpg 1600w\" sizes=\"auto, (max-width: 640px) 100vw, 640px\" \/><\/a><\/strong><\/p>\n<p>Kurze Biographie \u00fcber die Schwestern<\/p>\n<p>Arjana Dedaj und Besa Rrasi sind zwei albanische Schwestern, die seit vielen Jahren in der Schweiz leben. Mit langj\u00e4hriger Erfahrung in Bereichen wie Bildung, Kinderbetreuung und Management haben sie ihr Wissen, ihre Liebe zu Kindern und ihren Unternehmergeist vereint, um das Zentrum <a href=\"https:\/\/www.facebook.com\/p\/Goldfr%C3%B6schlis-Kinderwelt-61577007765606\/\">\u201eGoldfr\u00f6schli\u201c<\/a> zu gr\u00fcnden\u00a0 einen besonderen Ort f\u00fcr Unterhaltung und das Wohlbefinden von Familien.<\/p>\n<p><strong> <a href=\"https:\/\/www.albinfo.ch\/wp-content\/uploads\/2025\/10\/llogo.jpg\"><img loading=\"lazy\" decoding=\"async\" class=\"alignnone size-large wp-image-867200\" src=\"https:\/\/www.albinfo.ch\/wp-content\/uploads\/2025\/10\/llogo-1024x722.jpg\" alt=\"\" width=\"640\" height=\"451\" srcset=\"https:\/\/www.albinfo.at\/wp-content\/uploads\/2025\/10\/llogo-1024x722.jpg 1024w, https:\/\/www.albinfo.at\/wp-content\/uploads\/2025\/10\/llogo-300x211.jpg 300w, https:\/\/www.albinfo.at\/wp-content\/uploads\/2025\/10\/llogo-768x541.jpg 768w, https:\/\/www.albinfo.at\/wp-content\/uploads\/2025\/10\/llogo-562x396.jpg 562w, https:\/\/www.albinfo.at\/wp-content\/uploads\/2025\/10\/llogo-142x100.jpg 142w, https:\/\/www.albinfo.at\/wp-content\/uploads\/2025\/10\/llogo-248x175.jpg 248w, https:\/\/www.albinfo.at\/wp-content\/uploads\/2025\/10\/llogo.jpg 1280w\" sizes=\"auto, (max-width: 640px) 100vw, 640px\" \/><\/a><\/strong><\/p>\n<p data-start=\"358\" data-end=\"422\">\u201e<a href=\"https:\/\/www.facebook.com\/p\/Goldfr%C3%B6schlis-Kinderwelt-61577007765606\/\">Goldfr\u00f6schli<\/a>\u201c er\u00f6ffnet am 15. November 2025<\/p>\n<p data-start=\"424\" data-end=\"642\">Das Zentrum &#8220;Goldfr\u00f6schli\u201c wurde als ein Ort konzipiert, an dem sich Kinder frei und fr\u00f6hlich f\u00fchlen k\u00f6nnen, w\u00e4hrend sich die Eltern entspannt zur\u00fccklehnen. Die offizielle Er\u00f6ffnung findet am 15. November 2025 statt.<\/p>\n<p data-start=\"644\" data-end=\"701\" data-is-last-node=\"\" data-is-only-node=\"\"><strong data-start=\"644\" data-end=\"656\">Adresse:<\/strong> Wynenthalstrasse 1, 5723 Teufenthal, Schweiz<\/p>\n<p>Website: <a href=\"https:\/\/goldfroeschli-kinderwelt.ch\/\">https:\/\/goldfroeschli-kinderwelt.ch\/<\/a><\/p>\n<p>Foto: Armend Berisha<\/p>\n<p>&nbsp;<\/p>\n","protected":false},"excerpt":{"rendered":"<p>Das Zentrum \u201eGoldfr\u00f6schli\u201c wurde als ein Ort konzipiert, an dem sich Kinder frei und fr\u00f6hlich f\u00fchlen k\u00f6nnen, w\u00e4hrend sich die Eltern unbesorgt entspannen. Die Er\u00f6ffnung ist f\u00fcr den 15. November 2025 geplant.<\/p>\n","protected":false},"author":6,"featured_media":867193,"comment_status":"closed","ping_status":"closed","sticky":false,"template":"","format":"standard","meta":{"footnotes":""},"categories":[3982,24636,1135,3981,24006,1133,1140,1412,2015],"tags":[],"vendi":[],"content_country":[29888,31836,31837],"class_list":["post-868851","post","type-post","status-publish","format-standard","has-post-thumbnail","hentry","category-unternehmen-de","category-nachrichten-de-4","category-frauen","category-unternehmen-cat","category-lajme-jeta-ne-zvicer-de","category-e-diaspora-de","category-leben-in-der-schweiz","category-newsletter-de","category-newsletter-media-de","content_country-zvicer","content_country-austria-de","content_country-germany-de"],"acf":[],"_links":{"self":[{"href":"https:\/\/www.albinfo.at\/de\/wp-json\/wp\/v2\/posts\/868851","targetHints":{"allow":["GET"]}}],"collection":[{"href":"https:\/\/www.albinfo.at\/de\/wp-json\/wp\/v2\/posts"}],"about":[{"href":"https:\/\/www.albinfo.at\/de\/wp-json\/wp\/v2\/types\/post"}],"author":[{"embeddable":true,"href":"https:\/\/www.albinfo.at\/de\/wp-json\/wp\/v2\/users\/6"}],"replies":[{"embeddable":true,"href":"https:\/\/www.albinfo.at\/de\/wp-json\/wp\/v2\/comments?post=868851"}],"version-history":[{"count":1,"href":"https:\/\/www.albinfo.at\/de\/wp-json\/wp\/v2\/posts\/868851\/revisions"}],"predecessor-version":[{"id":868852,"href":"https:\/\/www.albinfo.at\/de\/wp-json\/wp\/v2\/posts\/868851\/revisions\/868852"}],"wp:featuredmedia":[{"embeddable":true,"href":"https:\/\/www.albinfo.at\/de\/wp-json\/wp\/v2\/media\/867193"}],"wp:attachment":[{"href":"https:\/\/www.albinfo.at\/de\/wp-json\/wp\/v2\/media?parent=868851"}],"wp:term":[{"taxonomy":"category","embeddable":true,"href":"https:\/\/www.albinfo.at\/de\/wp-json\/wp\/v2\/categories?post=868851"},{"taxonomy":"post_tag","embeddable":true,"href":"https:\/\/www.albinfo.at\/de\/wp-json\/wp\/v2\/tags?post=868851"},{"taxonomy":"vendi","embeddable":true,"href":"https:\/\/www.albinfo.at\/de\/wp-json\/wp\/v2\/vendi?post=868851"},{"taxonomy":"content_country","embeddable":true,"href":"https:\/\/www.albinfo.at\/de\/wp-json\/wp\/v2\/content_country?post=868851"}],"curies":[{"name":"wp","href":"https:\/\/api.w.org\/{rel}","templated":true}]}}