{"id":868821,"date":"2025-10-21T14:12:52","date_gmt":"2025-10-21T12:12:52","guid":{"rendered":"https:\/\/www.albinfo.ch\/?p=868821"},"modified":"2025-10-22T17:29:12","modified_gmt":"2025-10-22T15:29:12","slug":"la-suede-promeut-le-tourisme-albanais-sur-le-marche-nordique","status":"publish","type":"post","link":"https:\/\/www.albinfo.at\/de\/la-suede-promeut-le-tourisme-albanais-sur-le-marche-nordique\/","title":{"rendered":"Schweden f\u00f6rdert den albanischen Tourismus auf dem nordischen Markt"},"content":{"rendered":"<p data-start=\"809\" data-end=\"1075\">In Schweden wurde das Tourismusb\u00fcro \u201eAlbanska Rivieran\u201c gegr\u00fcndet\u00a0 eine Initiative der Journalistin Jetmira Mu\u00e7aj, die darauf abzielt, Albanien als attraktives Reiseziel auf dem schwedischen und nordischen Markt zu f\u00f6rdern, berichtet albinfo.ch.<\/p>\n<p data-start=\"1077\" data-end=\"1418\">Bei einem Treffen mit Mu\u00e7aj betonte der Gesch\u00e4ftstr\u00e4ger der albanischen Botschaft in Stockholm, Herr Eno \u00c7ollaku, den deutlichen Anstieg der Besucherzahlen aus Schweden nach Albanien und hob die Bedeutung der Zusammenarbeit mit diesem B\u00fcro hervor, um die Pr\u00e4senz des Landes auf der touristischen Landkarte der nordischen Region zu st\u00e4rken.<\/p>\n<p data-start=\"1420\" data-end=\"1638\" data-is-last-node=\"\" data-is-only-node=\"\">Die Initiative soll als zentrale Plattform dienen, um das Interesse an der albanischen Riviera zu steigern und die kulturelle, nat\u00fcrliche und kulinarische Vielfalt des Landes auf den skandinavischen M\u00e4rkten zu f\u00f6rdern<\/p>\n<p><a href=\"https:\/\/www.facebook.com\/share\/p\/1BpwUN7jPy\/?mibextid=wwXIfr\">https:\/\/www.facebook.com\/share\/p\/1BpwUN7jPy\/?mibextid=wwXIfr<\/a><\/p>\n<p>&nbsp;<\/p>\n","protected":false},"excerpt":{"rendered":"<p>In Schweden wurde das Tourismusb\u00fcro \u201eAlbanska Rivieran\u201c gegr\u00fcndet\u00a0 eine Initiative der Journalistin Jetmira Mu\u00e7aj, die darauf abzielt, Albanien als attraktives Reiseziel auf dem schwedischen und nordischen Markt zu f\u00f6rdern, berichtet albinfo.ch. Bei einem Treffen mit Mu\u00e7aj betonte der Gesch\u00e4ftstr\u00e4ger der albanischen Botschaft in Stockholm, Herr Eno \u00c7ollaku, den deutlichen Anstieg der Besucherzahlen aus Schweden nach [&hellip;]<\/p>\n","protected":false},"author":6,"featured_media":868753,"comment_status":"closed","ping_status":"closed","sticky":false,"template":"","format":"standard","meta":{"footnotes":""},"categories":[33056,10649,23263,23264,1130,23269,23262,24622,24631,24635,24656,1129],"tags":[],"vendi":[],"content_country":[29888,31836,31837],"class_list":["post-868821","post","type-post","status-publish","format-standard","has-post-thumbnail","hentry","category-de-balkani-de","category-albanien","category-kosova-de-2","category-albania","category-aktuell","category-news","category-at-balkani-de","category-albanien-de","category-nachrichten-de-2","category-nachrichten-de-3","category-tourismus","category-ch-balkan","content_country-zvicer","content_country-austria-de","content_country-germany-de"],"acf":[],"_links":{"self":[{"href":"https:\/\/www.albinfo.at\/de\/wp-json\/wp\/v2\/posts\/868821","targetHints":{"allow":["GET"]}}],"collection":[{"href":"https:\/\/www.albinfo.at\/de\/wp-json\/wp\/v2\/posts"}],"about":[{"href":"https:\/\/www.albinfo.at\/de\/wp-json\/wp\/v2\/types\/post"}],"author":[{"embeddable":true,"href":"https:\/\/www.albinfo.at\/de\/wp-json\/wp\/v2\/users\/6"}],"replies":[{"embeddable":true,"href":"https:\/\/www.albinfo.at\/de\/wp-json\/wp\/v2\/comments?post=868821"}],"version-history":[{"count":2,"href":"https:\/\/www.albinfo.at\/de\/wp-json\/wp\/v2\/posts\/868821\/revisions"}],"predecessor-version":[{"id":868825,"href":"https:\/\/www.albinfo.at\/de\/wp-json\/wp\/v2\/posts\/868821\/revisions\/868825"}],"wp:featuredmedia":[{"embeddable":true,"href":"https:\/\/www.albinfo.at\/de\/wp-json\/wp\/v2\/media\/868753"}],"wp:attachment":[{"href":"https:\/\/www.albinfo.at\/de\/wp-json\/wp\/v2\/media?parent=868821"}],"wp:term":[{"taxonomy":"category","embeddable":true,"href":"https:\/\/www.albinfo.at\/de\/wp-json\/wp\/v2\/categories?post=868821"},{"taxonomy":"post_tag","embeddable":true,"href":"https:\/\/www.albinfo.at\/de\/wp-json\/wp\/v2\/tags?post=868821"},{"taxonomy":"vendi","embeddable":true,"href":"https:\/\/www.albinfo.at\/de\/wp-json\/wp\/v2\/vendi?post=868821"},{"taxonomy":"content_country","embeddable":true,"href":"https:\/\/www.albinfo.at\/de\/wp-json\/wp\/v2\/content_country?post=868821"}],"curies":[{"name":"wp","href":"https:\/\/api.w.org\/{rel}","templated":true}]}}