{"id":868715,"date":"2025-10-20T22:16:17","date_gmt":"2025-10-20T20:16:17","guid":{"rendered":"https:\/\/www.albinfo.ch\/?p=868715"},"modified":"2025-10-22T17:32:08","modified_gmt":"2025-10-22T15:32:08","slug":"albanische-schueler-der-herbst-spricht-albanisch-in-wien-paedagogische-bildungsbezogene-und-kulturelle-aktivitaeten","status":"publish","type":"post","link":"https:\/\/www.albinfo.at\/de\/albanische-schueler-der-herbst-spricht-albanisch-in-wien-paedagogische-bildungsbezogene-und-kulturelle-aktivitaeten\/","title":{"rendered":"Albanische Sch\u00fcler: \u201eDer Herbst spricht Albanisch\u201c in Wien &#8211; p\u00e4dagogische, bildungsbezogene und kulturelle Aktivit\u00e4ten"},"content":{"rendered":"<article class=\"text-token-text-primary w-full focus:outline-none [--shadow-height:45px] has-data-writing-block:pointer-events-none has-data-writing-block:-mt-(--shadow-height) has-data-writing-block:pt-(--shadow-height) [&amp;:has([data-writing-block])&gt;*]:pointer-events-auto scroll-mt-[calc(var(--header-height)+min(200px,max(70px,20svh)))]\" dir=\"auto\" tabindex=\"-1\" data-turn-id=\"request-68f173bc-1380-832a-9443-1fbcf8c66517-31\" data-testid=\"conversation-turn-166\" data-scroll-anchor=\"true\" data-turn=\"assistant\">\n<div class=\"text-base my-auto mx-auto pb-10 [--thread-content-margin:--spacing(4)] thread-sm:[--thread-content-margin:--spacing(6)] thread-lg:[--thread-content-margin:--spacing(16)] px-(--thread-content-margin)\">\n<div class=\"[--thread-content-max-width:40rem] thread-lg:[--thread-content-max-width:48rem] mx-auto max-w-(--thread-content-max-width) flex-1 group\/turn-messages focus-visible:outline-hidden relative flex w-full min-w-0 flex-col agent-turn\" tabindex=\"-1\">\n<div class=\"flex max-w-full flex-col grow\">\n<div class=\"min-h-8 text-message relative flex w-full flex-col items-end gap-2 text-start break-words whitespace-normal [.text-message+&amp;]:mt-1\" dir=\"auto\" data-message-author-role=\"assistant\" data-message-id=\"2a6cd8a4-2247-4cd3-b8e8-e851a2710a85\" data-message-model-slug=\"gpt-5\">\n<div class=\"flex w-full flex-col gap-1 empty:hidden first:pt-[1px]\">\n<div class=\"markdown prose dark:prose-invert w-full break-words light markdown-new-styling\">\n<p data-start=\"1434\" data-end=\"1667\">Die Kinder des erg\u00e4nzenden Albanischunterrichts an der \u201eSchiffschule\u201c in Wien f\u00fchrten am 17. Oktober 2025 eine p\u00e4dagogische, bildungsorientierte und kulturelle Aktivit\u00e4t unter dem Motto \u201eDer Herbst spricht\u201c durch.<\/p>\n<p data-start=\"1669\" data-end=\"2082\">Laut der Mitteilung nahmen neben den Sch\u00fclerinnen und Sch\u00fclern auch deren Eltern aktiv an dieser besonderen Veranstaltung teil\u00a0 mit Gespr\u00e4chen, Workshops und Spielen zum Thema Herbst. Der Tag begann mit einem Begr\u00fc\u00dfungskreis, in dem die Kinder ihre Gedanken und Gef\u00fchle \u00fcber den Herbst teilten: was er mit sich bringt, wie er sie f\u00fchlen l\u00e4sst und welche Farben und D\u00fcfte ihn kennzeichnen, berichtet albinfo.at.<\/p>\n<p data-start=\"2084\" data-end=\"2380\">Um das emotionale und kulturelle Erleben zu vertiefen, sangen die Kinder gemeinsam ein Herbstlied und dr\u00fcckten ihre Freude und Kreativit\u00e4t durch albanische Musik aus. Zum Abschluss genossen alle Teilnehmer einen frischen Obstsalat und nat\u00fcrliche Fruchts\u00e4fte\u00a0 ein s\u00fc\u00dfer und fr\u00f6hlicher Ausklang.<\/p>\n<p data-start=\"2382\" data-end=\"2765\" data-is-last-node=\"\" data-is-only-node=\"\">\u201eDie Aktivit\u00e4t war nicht nur eine Unterrichtsstunde, sondern ein ganzheitliches Erlebnis, das die Kinder der Sprache, der Kultur und der albanischen Gemeinschaft n\u00e4herbrachte. Es zeigt, dass Sprache leichter gelernt wird, wenn sie mit Liebe gesprochen wird, und dass Kultur und nationale Identit\u00e4t am besten bewahrt werden, wenn man sie gemeinsam erlebt\u201c, hei\u00dft es in der Mitteilung.<\/p>\n<\/div>\n<\/div>\n<\/div>\n<\/div>\n<div class=\"z-0 flex min-h-[46px] justify-start\"><\/div>\n<div class=\"mt-3 w-full empty:hidden\">\n<div class=\"text-center\"><\/div>\n<\/div>\n<\/div>\n<\/div>\n<\/article>\n<div class=\"pointer-events-none h-px w-px\" aria-hidden=\"true\" data-edge=\"true\"><\/div>\n","protected":false},"excerpt":{"rendered":"<p>Die Kinder des erg\u00e4nzenden Albanischunterrichts an der \u201eSchiffschule\u201c in Wien f\u00fchrten am 17. Oktober 2025 eine p\u00e4dagogische, bildungsorientierte und kulturelle Aktivit\u00e4t unter dem Motto \u201eDer Herbst spricht\u201c durch. Laut der Mitteilung nahmen neben den Sch\u00fclerinnen und Sch\u00fclern auch deren Eltern aktiv an dieser besonderen Veranstaltung teil\u00a0 mit Gespr\u00e4chen, Workshops und Spielen zum Thema Herbst. Der [&hellip;]<\/p>\n","protected":false},"author":6,"featured_media":868646,"comment_status":"closed","ping_status":"closed","sticky":false,"template":"","format":"standard","meta":{"footnotes":""},"categories":[24636,1134,22803,23120,23122,24631,1133],"tags":[],"vendi":[],"content_country":[29888,31836,31837],"class_list":["post-868715","post","type-post","status-publish","format-standard","has-post-thumbnail","hentry","category-nachrichten-de-4","category-integration","category-leben-in-osterreich-de","category-nachrichten","category-kurz-at","category-nachrichten-de-2","category-e-diaspora-de","content_country-zvicer","content_country-austria-de","content_country-germany-de"],"acf":[],"_links":{"self":[{"href":"https:\/\/www.albinfo.at\/de\/wp-json\/wp\/v2\/posts\/868715","targetHints":{"allow":["GET"]}}],"collection":[{"href":"https:\/\/www.albinfo.at\/de\/wp-json\/wp\/v2\/posts"}],"about":[{"href":"https:\/\/www.albinfo.at\/de\/wp-json\/wp\/v2\/types\/post"}],"author":[{"embeddable":true,"href":"https:\/\/www.albinfo.at\/de\/wp-json\/wp\/v2\/users\/6"}],"replies":[{"embeddable":true,"href":"https:\/\/www.albinfo.at\/de\/wp-json\/wp\/v2\/comments?post=868715"}],"version-history":[{"count":1,"href":"https:\/\/www.albinfo.at\/de\/wp-json\/wp\/v2\/posts\/868715\/revisions"}],"predecessor-version":[{"id":868716,"href":"https:\/\/www.albinfo.at\/de\/wp-json\/wp\/v2\/posts\/868715\/revisions\/868716"}],"wp:featuredmedia":[{"embeddable":true,"href":"https:\/\/www.albinfo.at\/de\/wp-json\/wp\/v2\/media\/868646"}],"wp:attachment":[{"href":"https:\/\/www.albinfo.at\/de\/wp-json\/wp\/v2\/media?parent=868715"}],"wp:term":[{"taxonomy":"category","embeddable":true,"href":"https:\/\/www.albinfo.at\/de\/wp-json\/wp\/v2\/categories?post=868715"},{"taxonomy":"post_tag","embeddable":true,"href":"https:\/\/www.albinfo.at\/de\/wp-json\/wp\/v2\/tags?post=868715"},{"taxonomy":"vendi","embeddable":true,"href":"https:\/\/www.albinfo.at\/de\/wp-json\/wp\/v2\/vendi?post=868715"},{"taxonomy":"content_country","embeddable":true,"href":"https:\/\/www.albinfo.at\/de\/wp-json\/wp\/v2\/content_country?post=868715"}],"curies":[{"name":"wp","href":"https:\/\/api.w.org\/{rel}","templated":true}]}}