{"id":868691,"date":"2025-10-20T20:55:43","date_gmt":"2025-10-20T18:55:43","guid":{"rendered":"https:\/\/www.albinfo.ch\/?p=868691"},"modified":"2025-10-22T17:33:40","modified_gmt":"2025-10-22T15:33:40","slug":"ein-positives-wochenende-fuer-die-albanischen-fussballspieler","status":"publish","type":"post","link":"https:\/\/www.albinfo.at\/de\/ein-positives-wochenende-fuer-die-albanischen-fussballspieler\/","title":{"rendered":"Ein positives Wochenende f\u00fcr die albanischen Fu\u00dfballspieler"},"content":{"rendered":"<p data-start=\"1891\" data-end=\"2067\">Nach ihrer R\u00fcckkehr in ihre Vereine setzten die albanischen Legion\u00e4re ihre starken Leistungen fort und gl\u00e4nzten am Wochenende erneut mit Toren und Vorlagen.<\/p>\n<p data-start=\"2069\" data-end=\"2244\">Nationalst\u00fcrmer Rey Manaj traf erneut f\u00fcr Al Sharjah und erzielte das zweite Tor beim 2:0-Sieg gegen Al Dhafra. Es war sein zweites Saisontor im Trikot des arabischen Klubs.<\/p>\n<p data-start=\"2246\" data-end=\"2526\">Nazmi Gripshi befindet sich mit dem FC Astana in \u00fcberragender Form. Beim 5:3-Sieg gegen Aktobe traf er per Elfmeter und erh\u00f6hte damit seine Saisontorausbeute in der kasachischen Liga auf 16 Treffer, womit er die Torsch\u00fctzenliste anf\u00fchrt, schreibt der FSHF, berichtet albinfo.ch.<\/p>\n<p data-start=\"2528\" data-end=\"2654\">Auch Jasir Asani traf und sicherte Esteghlal FC mit einem entscheidenden Tor in der 11. Minute den Sieg gegen Mes Rafsanjan.<\/p>\n<p data-start=\"2656\" data-end=\"2858\">In der T\u00fcrkei gl\u00e4nzte Arlind Ajeti mit einer Vorlage beim 1:1-Ausw\u00e4rtsspiel von Bodrumspor gegen Erokspor. Der albanische Innenverteidiger bediente Fredy in der 29. Minute pr\u00e4zise zum F\u00fchrungstreffer.<\/p>\n<p data-start=\"2860\" data-end=\"3057\">In Italien wurde Ylber Ramadani beim 0:0 zwischen Lecce und Sassuolo zum Spieler des Spiels gew\u00e4hlt. Der Mittelfeldspieler \u00fcberzeugte mit einer starken Leistung und gro\u00dfem Einfluss im Mittelfeld.<\/p>\n<p data-start=\"3059\" data-end=\"3347\">Ein besonderer Moment auch f\u00fcr Arb\u00ebr Hoxha, der beim Spiel Dinamo Zagreb &#8211; Osijek in der Startelf stand und vor dem Anpfiff als &#8220;Spieler des Monats&#8221; der kroatischen Liga ausgezeichnet wurde\u00a0 eine Anerkennung f\u00fcr seine konstant starken Leistungen und seinen gro\u00dfen Beitrag f\u00fcr das Team.<\/p>\n<p data-start=\"3349\" data-end=\"3533\">Eine weitere positive Nachricht war die R\u00fcckkehr von Ardian Ismajli, der nach seiner Verletzung wieder einsatzbereit war und beim Sieg von Torino gegen Neapel einige Minuten spielte.<\/p>\n<p data-start=\"3535\" data-end=\"3737\" data-is-last-node=\"\" data-is-only-node=\"\">Ebenfalls in der Startelf standen diese Woche: Thomas Strakosha, Enea Mihaj, Berat Gjimshiti, Medon Berisha, Juljan Shehu, Kristjan Asllani, Qazim La\u00e7i, Adrion Pajaziti, Mirlind Daku und Taulant Seferi.<\/p>\n","protected":false},"excerpt":{"rendered":"<p>Manaj, Gripshi und Asani treffen, Ajeti gibt eine Vorlage. Ramadani wird zum Spieler des Spiels gew\u00e4hlt, Hoxha zum Spieler des Monats in Kroatien gek\u00fcrt.<\/p>\n","protected":false},"author":6,"featured_media":868579,"comment_status":"closed","ping_status":"closed","sticky":false,"template":"","format":"standard","meta":{"footnotes":""},"categories":[4023,1139],"tags":[],"vendi":[],"content_country":[29888,31836,31837],"class_list":["post-868691","post","type-post","status-publish","format-standard","has-post-thumbnail","hentry","category-futboll-de","category-sport","content_country-zvicer","content_country-austria-de","content_country-germany-de"],"acf":[],"_links":{"self":[{"href":"https:\/\/www.albinfo.at\/de\/wp-json\/wp\/v2\/posts\/868691","targetHints":{"allow":["GET"]}}],"collection":[{"href":"https:\/\/www.albinfo.at\/de\/wp-json\/wp\/v2\/posts"}],"about":[{"href":"https:\/\/www.albinfo.at\/de\/wp-json\/wp\/v2\/types\/post"}],"author":[{"embeddable":true,"href":"https:\/\/www.albinfo.at\/de\/wp-json\/wp\/v2\/users\/6"}],"replies":[{"embeddable":true,"href":"https:\/\/www.albinfo.at\/de\/wp-json\/wp\/v2\/comments?post=868691"}],"version-history":[{"count":1,"href":"https:\/\/www.albinfo.at\/de\/wp-json\/wp\/v2\/posts\/868691\/revisions"}],"predecessor-version":[{"id":868692,"href":"https:\/\/www.albinfo.at\/de\/wp-json\/wp\/v2\/posts\/868691\/revisions\/868692"}],"wp:featuredmedia":[{"embeddable":true,"href":"https:\/\/www.albinfo.at\/de\/wp-json\/wp\/v2\/media\/868579"}],"wp:attachment":[{"href":"https:\/\/www.albinfo.at\/de\/wp-json\/wp\/v2\/media?parent=868691"}],"wp:term":[{"taxonomy":"category","embeddable":true,"href":"https:\/\/www.albinfo.at\/de\/wp-json\/wp\/v2\/categories?post=868691"},{"taxonomy":"post_tag","embeddable":true,"href":"https:\/\/www.albinfo.at\/de\/wp-json\/wp\/v2\/tags?post=868691"},{"taxonomy":"vendi","embeddable":true,"href":"https:\/\/www.albinfo.at\/de\/wp-json\/wp\/v2\/vendi?post=868691"},{"taxonomy":"content_country","embeddable":true,"href":"https:\/\/www.albinfo.at\/de\/wp-json\/wp\/v2\/content_country?post=868691"}],"curies":[{"name":"wp","href":"https:\/\/api.w.org\/{rel}","templated":true}]}}