{"id":868662,"date":"2025-10-20T18:47:32","date_gmt":"2025-10-20T16:47:32","guid":{"rendered":"https:\/\/www.albinfo.ch\/?p=868662"},"modified":"2025-10-22T17:34:36","modified_gmt":"2025-10-22T15:34:36","slug":"wahlen-in-mazedonien-wer-hat-gewonnen-und-wer-verloren","status":"publish","type":"post","link":"https:\/\/www.albinfo.at\/de\/wahlen-in-mazedonien-wer-hat-gewonnen-und-wer-verloren\/","title":{"rendered":"Wahlen in Mazedonien: Wer hat gewonnen und wer verloren"},"content":{"rendered":"<div class=\"flex h-full w-full flex-col\">\n<div class=\"relative flex h-full w-full flex-1 transition-colors z-0\">\n<div class=\"relative flex h-full w-full flex-row\">\n<div class=\"relative flex h-full max-w-full flex-1 flex-col\">\n<p>&nbsp;<\/p>\n<div id=\"thread\" class=\"group\/thread @container\/thread h-full w-full\">\n<div class=\"composer-parent flex flex-col focus-visible:outline-0 overflow-hidden h-full\" role=\"presentation\">\n<div class=\"relative basis-auto flex-col -mb-(--composer-overlap-px) [--composer-overlap-px:28px] grow flex overflow-hidden\">\n<div class=\"relative h-full\">\n<div class=\"flex h-full flex-col overflow-y-auto thread-xl:pt-(--header-height) [scrollbar-gutter:stable_both-edges]\">\n<div class=\"flex flex-col text-sm thread-xl:pt-header-height pb-25\">\n<article class=\"text-token-text-primary w-full focus:outline-none [--shadow-height:45px] has-data-writing-block:pointer-events-none has-data-writing-block:-mt-(--shadow-height) has-data-writing-block:pt-(--shadow-height) [&amp;:has([data-writing-block])&gt;*]:pointer-events-auto scroll-mt-[calc(var(--header-height)+min(200px,max(70px,20svh)))]\" dir=\"auto\" tabindex=\"-1\" data-turn-id=\"request-68f173bc-1380-832a-9443-1fbcf8c66517-23\" data-testid=\"conversation-turn-150\" data-scroll-anchor=\"true\" data-turn=\"assistant\">\n<div class=\"text-base my-auto mx-auto pb-10 [--thread-content-margin:--spacing(4)] thread-sm:[--thread-content-margin:--spacing(6)] thread-lg:[--thread-content-margin:--spacing(16)] px-(--thread-content-margin)\">\n<div class=\"[--thread-content-max-width:40rem] thread-lg:[--thread-content-max-width:48rem] mx-auto max-w-(--thread-content-max-width) flex-1 group\/turn-messages focus-visible:outline-hidden relative flex w-full min-w-0 flex-col agent-turn\" tabindex=\"-1\">\n<div class=\"flex max-w-full flex-col grow\">\n<div class=\"min-h-8 text-message relative flex w-full flex-col items-end gap-2 text-start break-words whitespace-normal [.text-message+&amp;]:mt-1\" dir=\"auto\" data-message-author-role=\"assistant\" data-message-id=\"4375a149-ccfc-493e-904a-97ceb8ad3fb7\" data-message-model-slug=\"gpt-5\">\n<div class=\"flex w-full flex-col gap-1 empty:hidden first:pt-[1px]\">\n<div class=\"markdown prose dark:prose-invert w-full break-words light markdown-new-styling\">\n<p data-start=\"3840\" data-end=\"4001\">Die Regierungspartei VMRO-DPMNE hat nach dem ersten Wahlgang der Kommunalwahlen am 19. Oktober in Nordmazedonien einen klaren Sieg verk\u00fcndet.<\/p>\n<p data-start=\"4003\" data-end=\"4224\">Die Partei wird 30 von insgesamt 80 Gemeinden f\u00fchren und rechnet damit, in der zweiten Runde rund 20 weitere zu gewinnen, darunter auch die Hauptstadt Skopje, wo ihr Kandidat Orce Gjorgjievski deutlich in F\u00fchrung liegt.<\/p>\n<p data-start=\"4226\" data-end=\"4699\">\u201eWir haben den Sieg versprochen, und wir haben ihn errungen\u201c, erkl\u00e4rte Premierminister und VMRO-DPMNE-Vorsitzender Hristijan Mickoski. Er zeigte sich zufrieden und betonte, dass die Gesamtzahl der gewonnenen Stimmen h\u00f6her sei als bei den fr\u00fcheren Parlaments- und Kommunalwahlen. Mickoski best\u00e4tigte au\u00dferdem, dass er trotz des Drucks der Opposition von der DUI keine vorgezogenen Parlamentswahlen plane, und erkl\u00e4rte, \u201edie Politik des Ethnozentrismus sei besiegt worden\u201c.<\/p>\n<p data-start=\"4701\" data-end=\"5065\">Die Oppositionspartei SDSM erlitt nach den Parlaments- und Pr\u00e4sidentschaftswahlen des vergangenen Jahres erneut eine Niederlage. Dennoch bewertete die Partei das Ergebnis nicht als schlecht, da sie in einigen Gemeinden mehr Stimmen gewonnen habe, und verwies auf \u201ezahlreiche Unregelm\u00e4\u00dfigkeiten\u201c im Wahlprozess, berichtet <em data-start=\"5022\" data-end=\"5041\">Radio Free Europe<\/em>, schreibt albinfo.ch.<\/p>\n<p data-start=\"5067\" data-end=\"5462\">Die SDSM wird die Gemeinden Kriva Palanka, Bogdanci und Krivoga\u0161tani f\u00fchren und erwartet, in etwa zwanzig weiteren Gemeinden in die zweite Runde einzuziehen. \u201eDies ist ein Beweis f\u00fcr den begonnenen Konsolidierungsprozess innerhalb der Partei, den wir fortsetzen werden\u201c, erkl\u00e4rte der SDSM-Vorsitzende Venko Filip\u010de und f\u00fcgte hinzu, dass er nach diesen Wahlergebnissen nicht zur\u00fccktreten werde.<\/p>\n<p data-start=\"5464\" data-end=\"5536\"><strong data-start=\"5464\" data-end=\"5534\">VLEN gewinnt in \u010cair und Tetovo, w\u00e4hrend die DUI in Gostivar siegt<\/strong><\/p>\n<p data-start=\"5538\" data-end=\"5982\">Im albanischen politischen Lager gewann der VLEN-Kandidat Izet Mexhiti klar in der Schl\u00fcsselgemeinde \u010cair, w\u00e4hrend Bilal Kasami in Tetovo siegte. Im ersten Wahlgang konnte die Koalition zudem vier weitere Gemeinden gewinnen. F\u00fcr Mexhiti wird dies seine vierte Amtszeit als B\u00fcrgermeister sein; er muss sein derzeitiges Amt als Minister niederlegen, nachdem er den ehemaligen DUI-Minister Bujar Osmani besiegt hat, der ihm zum Sieg gratulierte.<\/p>\n<p data-start=\"5984\" data-end=\"6335\">Mitglieder und Unterst\u00fctzer von VLEN feierten, wie sie sagten, \u201eden klaren Sieg in \u010cair und Tetovo\u201c beim Skanderbeg-Denkmal in der Altstadt. Die von der DUI gef\u00fchrte <em data-start=\"6150\" data-end=\"6185\">Nationale Allianz f\u00fcr Integration<\/em> (NAI) gewann im ersten Wahlgang die B\u00fcrgermeisterwahlen in Gostivar, Likova, \u010ca\u0161ka und Plasnica, wie der DUI-Vizepr\u00e4sident Arb\u00ebr Ademi bekannt gab.<\/p>\n<p data-start=\"6337\" data-end=\"6536\">Er erkl\u00e4rte, dass \u201edie NAI auf nationaler Ebene der absolute Sieger mit \u00fcber 20.000 Stimmen Vorsprung ist, und mit den noch auszuwertenden Stimmen k\u00f6nnte dieser Vorsprung sogar noch gr\u00f6\u00dfer werden\u201c.<\/p>\n<p data-start=\"6538\" data-end=\"6692\">Der Wahltag verlief ruhig und ohne gr\u00f6\u00dfere Zwischenf\u00e4lle. Die Erwartungen der B\u00fcrger bleiben dieselben \u2013 ein besseres Leben in funktionaleren Gemeinden.<\/p>\n<p data-start=\"6694\" data-end=\"6887\">Die Staatliche Wahlkommission teilte mit, dass die Wahlbeteiligung um 18:30 Uhr bei 46,48 Prozent lag, was dem Niveau der ersten Runde der vorherigen Kommunalwahlen (51,44 Prozent) nahekommt.<\/p>\n<p data-start=\"6889\" data-end=\"6952\">Laut W\u00e4hlerverzeichnis waren 1.832.415 B\u00fcrger wahlberechtigt.<\/p>\n<p data-start=\"6954\" data-end=\"7288\">F\u00fcr die 81 B\u00fcrgermeisterposten traten 309 Kandidaten an, w\u00e4hrend \u00fcber 10.490 Kandidatinnen und Kandidaten aus 576 Listen um Sitze in den Gemeinder\u00e4ten konkurrierten. Eine Besonderheit dieser Wahlen: M\u00e4nner dominierten das B\u00fcrgermeisterrennen: 277 Kandidaten oder 89,64 %, w\u00e4hrend nur 32 Frauen kandidierten, was 10,36 % entspricht.<\/p>\n<p data-start=\"7290\" data-end=\"7473\">Das Gesamtbudget des Staates f\u00fcr die Organisation dieser Kommunalwahlen betrug 9,76 Millionen Euro, von denen zwei Drittel f\u00fcr Medien und bezahlte politische Werbung bestimmt waren.<\/p>\n<p data-start=\"7475\" data-end=\"7530\" data-is-last-node=\"\" data-is-only-node=\"\">Die zweite Wahlrunde ist f\u00fcr den 2. November angesetzt.<\/p>\n<\/div>\n<\/div>\n<\/div>\n<\/div>\n<\/div>\n<\/div>\n<\/article>\n<\/div>\n<\/div>\n<\/div>\n<\/div>\n<\/div>\n<\/div>\n<p>&nbsp;<\/p>\n<\/div>\n<\/div>\n<\/div>\n<\/div>\n","protected":false},"excerpt":{"rendered":"<p>F\u00fcr die 81 Posten der B\u00fcrgermeister traten 309 Kandidaten an, w\u00e4hrend sich \u00fcber 10 490 Kandidatinnen und Kandidaten aus insgesamt 576 Listen um die Sitze in den Gemeinder\u00e4ten bewarben.<\/p>\n","protected":false},"author":6,"featured_media":868569,"comment_status":"closed","ping_status":"closed","sticky":false,"template":"","format":"standard","meta":{"footnotes":""},"categories":[33056,24626,23265,1130,23269,23262,24625,24635,1129,1110],"tags":[],"vendi":[],"content_country":[29888,31836,31837],"class_list":["post-868662","post","type-post","status-publish","format-standard","has-post-thumbnail","hentry","category-de-balkani-de","category-nord-macedonia-de-2","category-nord-macedonia","category-aktuell","category-news","category-at-balkani-de","category-nord-macedonia-de","category-nachrichten-de-3","category-ch-balkan","category-unkategorisiert","content_country-zvicer","content_country-austria-de","content_country-germany-de"],"acf":[],"_links":{"self":[{"href":"https:\/\/www.albinfo.at\/de\/wp-json\/wp\/v2\/posts\/868662","targetHints":{"allow":["GET"]}}],"collection":[{"href":"https:\/\/www.albinfo.at\/de\/wp-json\/wp\/v2\/posts"}],"about":[{"href":"https:\/\/www.albinfo.at\/de\/wp-json\/wp\/v2\/types\/post"}],"author":[{"embeddable":true,"href":"https:\/\/www.albinfo.at\/de\/wp-json\/wp\/v2\/users\/6"}],"replies":[{"embeddable":true,"href":"https:\/\/www.albinfo.at\/de\/wp-json\/wp\/v2\/comments?post=868662"}],"version-history":[{"count":2,"href":"https:\/\/www.albinfo.at\/de\/wp-json\/wp\/v2\/posts\/868662\/revisions"}],"predecessor-version":[{"id":868664,"href":"https:\/\/www.albinfo.at\/de\/wp-json\/wp\/v2\/posts\/868662\/revisions\/868664"}],"wp:featuredmedia":[{"embeddable":true,"href":"https:\/\/www.albinfo.at\/de\/wp-json\/wp\/v2\/media\/868569"}],"wp:attachment":[{"href":"https:\/\/www.albinfo.at\/de\/wp-json\/wp\/v2\/media?parent=868662"}],"wp:term":[{"taxonomy":"category","embeddable":true,"href":"https:\/\/www.albinfo.at\/de\/wp-json\/wp\/v2\/categories?post=868662"},{"taxonomy":"post_tag","embeddable":true,"href":"https:\/\/www.albinfo.at\/de\/wp-json\/wp\/v2\/tags?post=868662"},{"taxonomy":"vendi","embeddable":true,"href":"https:\/\/www.albinfo.at\/de\/wp-json\/wp\/v2\/vendi?post=868662"},{"taxonomy":"content_country","embeddable":true,"href":"https:\/\/www.albinfo.at\/de\/wp-json\/wp\/v2\/content_country?post=868662"}],"curies":[{"name":"wp","href":"https:\/\/api.w.org\/{rel}","templated":true}]}}