{"id":868535,"date":"2025-10-19T22:43:46","date_gmt":"2025-10-19T20:43:46","guid":{"rendered":"https:\/\/www.albinfo.ch\/?p=868535"},"modified":"2025-10-22T17:35:42","modified_gmt":"2025-10-22T15:35:42","slug":"nordmazedonien-die-abstimmung-fuer-die-kommunalwahlen-ist-beendet-die-ersten-ergebnisse-werden-heute-abend-erwartet","status":"publish","type":"post","link":"https:\/\/www.albinfo.at\/de\/nordmazedonien-die-abstimmung-fuer-die-kommunalwahlen-ist-beendet-die-ersten-ergebnisse-werden-heute-abend-erwartet\/","title":{"rendered":"Nordmazedonien: Die Abstimmung f\u00fcr die Kommunalwahlen ist beendet, die ersten Ergebnisse werden heute Abend erwartet"},"content":{"rendered":"<p data-start=\"987\" data-end=\"1266\">Der Wahlvorgang f\u00fcr die Kommunalwahlen in Nordmazedonien endete heute Abend um 19:00 Uhr. Alle Wahllokale im Land wurden geschlossen, und die Stimmenausz\u00e4hlung begann unmittelbar nach der Schlie\u00dfung der Urnen. Die Wahlbeteiligung lag um 18:30 Uhr bei 46,65 %.<\/p>\n<p data-start=\"1268\" data-end=\"1507\">Nach Angaben der Staatlichen Wahlkommission werden die ersten inoffiziellen Ergebnisse im Laufe des Abends erwartet. Die gesetzliche Frist f\u00fcr die Ver\u00f6ffentlichung der ersten Ergebnisse betr\u00e4gt 12 Stunden nach Abschluss des Wahlvorgangs.<\/p>\n<p data-start=\"1509\" data-end=\"1822\">Sollte kein B\u00fcrgermeisterkandidat im ersten Wahlgang die erforderliche Mehrheit erreichen, findet die zweite Runde der Wahlen am 2. November statt. Die Mitglieder der Gemeinder\u00e4te werden hingegen bereits in dieser ersten Runde nach dem Verh\u00e4ltniswahlsystem und der D\u2019Hondt-Methode zur Mandatsverteilung gew\u00e4hlt.<\/p>\n<p data-start=\"1824\" data-end=\"2026\" data-is-last-node=\"\" data-is-only-node=\"\">Der Wahlkampf f\u00fcr die zweite Runde wird vom 20. bis zum 30. Oktober stattfinden, w\u00e4hrend die endg\u00fcltigen Ergebnisse in den Gemeinden festgelegt werden, in denen es im ersten Wahlgang keinen Sieger gibt.<\/p>\n","protected":false},"excerpt":{"rendered":"<p>Der Wahlvorgang f\u00fcr die Kommunalwahlen in Nordmazedonien endete heute Abend um 19:00 Uhr. Alle Wahllokale im Land wurden geschlossen, und die Stimmenausz\u00e4hlung begann unmittelbar nach der Schlie\u00dfung der Urnen. Die Wahlbeteiligung lag um 18:30 Uhr bei 46,65 %. Nach Angaben der Staatlichen Wahlkommission werden die ersten inoffiziellen Ergebnisse im Laufe des Abends erwartet. Die gesetzliche [&hellip;]<\/p>\n","protected":false},"author":6,"featured_media":868404,"comment_status":"closed","ping_status":"closed","sticky":false,"template":"","format":"standard","meta":{"footnotes":""},"categories":[33056,24626,23265,1130,23269,23262,24625,24631,24635,1129],"tags":[],"vendi":[],"content_country":[29888,31836,31837],"class_list":["post-868535","post","type-post","status-publish","format-standard","has-post-thumbnail","hentry","category-de-balkani-de","category-nord-macedonia-de-2","category-nord-macedonia","category-aktuell","category-news","category-at-balkani-de","category-nord-macedonia-de","category-nachrichten-de-2","category-nachrichten-de-3","category-ch-balkan","content_country-zvicer","content_country-austria-de","content_country-germany-de"],"acf":[],"_links":{"self":[{"href":"https:\/\/www.albinfo.at\/de\/wp-json\/wp\/v2\/posts\/868535","targetHints":{"allow":["GET"]}}],"collection":[{"href":"https:\/\/www.albinfo.at\/de\/wp-json\/wp\/v2\/posts"}],"about":[{"href":"https:\/\/www.albinfo.at\/de\/wp-json\/wp\/v2\/types\/post"}],"author":[{"embeddable":true,"href":"https:\/\/www.albinfo.at\/de\/wp-json\/wp\/v2\/users\/6"}],"replies":[{"embeddable":true,"href":"https:\/\/www.albinfo.at\/de\/wp-json\/wp\/v2\/comments?post=868535"}],"version-history":[{"count":1,"href":"https:\/\/www.albinfo.at\/de\/wp-json\/wp\/v2\/posts\/868535\/revisions"}],"predecessor-version":[{"id":868536,"href":"https:\/\/www.albinfo.at\/de\/wp-json\/wp\/v2\/posts\/868535\/revisions\/868536"}],"wp:featuredmedia":[{"embeddable":true,"href":"https:\/\/www.albinfo.at\/de\/wp-json\/wp\/v2\/media\/868404"}],"wp:attachment":[{"href":"https:\/\/www.albinfo.at\/de\/wp-json\/wp\/v2\/media?parent=868535"}],"wp:term":[{"taxonomy":"category","embeddable":true,"href":"https:\/\/www.albinfo.at\/de\/wp-json\/wp\/v2\/categories?post=868535"},{"taxonomy":"post_tag","embeddable":true,"href":"https:\/\/www.albinfo.at\/de\/wp-json\/wp\/v2\/tags?post=868535"},{"taxonomy":"vendi","embeddable":true,"href":"https:\/\/www.albinfo.at\/de\/wp-json\/wp\/v2\/vendi?post=868535"},{"taxonomy":"content_country","embeddable":true,"href":"https:\/\/www.albinfo.at\/de\/wp-json\/wp\/v2\/content_country?post=868535"}],"curies":[{"name":"wp","href":"https:\/\/api.w.org\/{rel}","templated":true}]}}