{"id":868104,"date":"2025-10-17T22:17:18","date_gmt":"2025-10-17T20:17:18","guid":{"rendered":"https:\/\/www.albinfo.ch\/?p=868104"},"modified":"2025-10-22T17:57:05","modified_gmt":"2025-10-22T15:57:05","slug":"der-fc-barcelona-beobachtet-fisnik-asllani-den-kosovarischen-star-auf-dem-weg-nach-spanien","status":"publish","type":"post","link":"https:\/\/www.albinfo.at\/de\/der-fc-barcelona-beobachtet-fisnik-asllani-den-kosovarischen-star-auf-dem-weg-nach-spanien\/","title":{"rendered":"Der FC Barcelona beobachtet Fisnik Asllani, den kosovarischen Star auf dem Weg nach Spanien"},"content":{"rendered":"<p data-start=\"1131\" data-end=\"1318\">Der FC Barcelona beobachtet den kosovarischen St\u00fcrmer Fisnik Asllani, berichtete am Donnerstagabend der deutsche &#8221; SkySport &#8220;Journalist Florian, berichtet albinfo.ch.<\/p>\n<p data-start=\"1320\" data-end=\"1457\">Wie Plettenberg auf X schrieb, hat der 23-J\u00e4hrige in seinem aktuellen Verein Hoffenheim eine Ausstiegsklausel f\u00fcr den kommenden Sommer.<\/p>\n<p data-start=\"1459\" data-end=\"1500\">&#8220;Barcelona ist informiert&#8221;, schrieb er.<\/p>\n<p data-start=\"1502\" data-end=\"1701\">Plettenberg f\u00fcgte au\u00dferdem hinzu, dass \u201eder Wechsel zu einem europ\u00e4ischen Topklub bereits vollst\u00e4ndig geplant ist und Asllanis n\u00e4chster Verein voraussichtlich in der Champions League spielen wird\u201c.<\/p>\n<p data-start=\"1703\" data-end=\"1843\">&#8220;Mein Traumverein war schon immer Barcelona. Ich wollte schon immer dort spielen&#8221;, sagte Asllani vor einigen Tagen gegen\u00fcber &#8220;Sport Bild&#8221;.<\/p>\n<p data-start=\"1845\" data-end=\"2258\" data-is-last-node=\"\" data-is-only-node=\"\">In der laufenden Saison hat Asllani sechs Eins\u00e4tze in der Bundesliga absolviert. Dabei erzielte er vier Tore und bereitete eines vor. Vor einigen Tagen traf er au\u00dferdem beim historischen Sieg des Kosovo als Gast in Schweden, wodurch sich das Team der gro\u00dfen Chance auf die Playoff-Qualifikation f\u00fcr die Weltmeisterschaft 2026 n\u00e4herte. In diesen Qualifikationen hat er f\u00fcr Kosovo ein Tor in drei Eins\u00e4tzen erzielt.<\/p>\n","protected":false},"excerpt":{"rendered":"<p>Der Journalist von &#8221; SkySport &#8221; in Deutschland: Der FC Barcelona beobachtet Asllani genau<\/p>\n","protected":false},"author":6,"featured_media":867023,"comment_status":"closed","ping_status":"closed","sticky":false,"template":"","format":"standard","meta":{"footnotes":""},"categories":[24636,24641,1134,4023,24631,1133,1139],"tags":[],"vendi":[],"content_country":[29888,31836,31837],"class_list":["post-868104","post","type-post","status-publish","format-standard","has-post-thumbnail","hentry","category-nachrichten-de-4","category-andere-de-2","category-integration","category-futboll-de","category-nachrichten-de-2","category-e-diaspora-de","category-sport","content_country-zvicer","content_country-austria-de","content_country-germany-de"],"acf":[],"_links":{"self":[{"href":"https:\/\/www.albinfo.at\/de\/wp-json\/wp\/v2\/posts\/868104","targetHints":{"allow":["GET"]}}],"collection":[{"href":"https:\/\/www.albinfo.at\/de\/wp-json\/wp\/v2\/posts"}],"about":[{"href":"https:\/\/www.albinfo.at\/de\/wp-json\/wp\/v2\/types\/post"}],"author":[{"embeddable":true,"href":"https:\/\/www.albinfo.at\/de\/wp-json\/wp\/v2\/users\/6"}],"replies":[{"embeddable":true,"href":"https:\/\/www.albinfo.at\/de\/wp-json\/wp\/v2\/comments?post=868104"}],"version-history":[{"count":1,"href":"https:\/\/www.albinfo.at\/de\/wp-json\/wp\/v2\/posts\/868104\/revisions"}],"predecessor-version":[{"id":868105,"href":"https:\/\/www.albinfo.at\/de\/wp-json\/wp\/v2\/posts\/868104\/revisions\/868105"}],"wp:featuredmedia":[{"embeddable":true,"href":"https:\/\/www.albinfo.at\/de\/wp-json\/wp\/v2\/media\/867023"}],"wp:attachment":[{"href":"https:\/\/www.albinfo.at\/de\/wp-json\/wp\/v2\/media?parent=868104"}],"wp:term":[{"taxonomy":"category","embeddable":true,"href":"https:\/\/www.albinfo.at\/de\/wp-json\/wp\/v2\/categories?post=868104"},{"taxonomy":"post_tag","embeddable":true,"href":"https:\/\/www.albinfo.at\/de\/wp-json\/wp\/v2\/tags?post=868104"},{"taxonomy":"vendi","embeddable":true,"href":"https:\/\/www.albinfo.at\/de\/wp-json\/wp\/v2\/vendi?post=868104"},{"taxonomy":"content_country","embeddable":true,"href":"https:\/\/www.albinfo.at\/de\/wp-json\/wp\/v2\/content_country?post=868104"}],"curies":[{"name":"wp","href":"https:\/\/api.w.org\/{rel}","templated":true}]}}