{"id":868066,"date":"2025-10-17T19:20:03","date_gmt":"2025-10-17T17:20:03","guid":{"rendered":"https:\/\/www.albinfo.ch\/?p=868066"},"modified":"2025-10-22T17:59:54","modified_gmt":"2025-10-22T15:59:54","slug":"behar-neziri-das-albanische-talent-das-von-einer-rueckkehr-zum-bayern-traeumt","status":"publish","type":"post","link":"https:\/\/www.albinfo.at\/de\/behar-neziri-das-albanische-talent-das-von-einer-rueckkehr-zum-bayern-traeumt\/","title":{"rendered":"Behar Neziri, das albanische Talent, das von einer R\u00fcckkehr zum Bayern tr\u00e4umt"},"content":{"rendered":"<p data-start=\"1305\" data-end=\"1515\">Der 22-j\u00e4hrige Mittelfeldspieler Behar Neziri, der in der Akademie des FC Bayern M\u00fcnchen ausgebildet wurde, gl\u00e4nzt derzeit mit St. Gallen in der Schweizer Super League, berichtet albinfo.ch.<\/p>\n<p data-start=\"1517\" data-end=\"1770\">Neziri hat in allen acht Spielen dieser Saison gespielt und bereits beim 2:1-Sieg gegen Basel in seinem Deb\u00fct beeindruckt. Er sagt, dass er lange auf diesen Moment gewartet habe, nach zwei schwierigen Jahren mit Verletzungen und einer Ausleihe an Wil.<\/p>\n<p data-start=\"1772\" data-end=\"2012\">&#8220;Ich wollte Shaqiris Trikot, aber es war reserviert. Vielleicht beim n\u00e4chsten Mal&#8221;, sagte er gegen\u00fcber Blick. Shaqiri bleibt einer seiner Idole, die beiden verbindet die gemeinsame Vergangenheit beim Bayern und ihre kosovarischen Wurzeln.<\/p>\n<p data-start=\"2014\" data-end=\"2261\">Neziri schloss sich 2016 dem FC Bayern an, nachdem er zuvor bei Augsburg gespielt hatte, wo er in den Jugendmannschaften und im zweiten Team aktiv war. 2023 wechselte er zu St. Gallen U21, bevor er sich im Sommer der ersten Mannschaft anschloss.<\/p>\n<p data-start=\"2263\" data-end=\"2430\">Trainer Enrico Maasen lobt ihn f\u00fcr seine taktische Intelligenz und seine R\u00fccksicht auf Mitspieler, w\u00e4hrend der Verein ihn als Vorbild an Professionalit\u00e4t bezeichnet.<\/p>\n<p data-start=\"2432\" data-end=\"2750\" data-is-last-node=\"\" data-is-only-node=\"\">&#8220;Ich habe bereits mit Musiala und Pavlovi\u0107 gespielt. Ich kann mir vorstellen, das wieder zu tun, aber diesmal mit der ersten Mannschaft des FC Bayern&#8221;, sagt der ehrgeizige Neziri, der den Kosovo bereits in den U16-, U19- und U21-Nationalteams vertreten hat und auf der erweiterten Liste f\u00fcr die September-Spiele stand.<\/p>\n","protected":false},"excerpt":{"rendered":"<p>Das kosovarische Talent des FC St. Gallen tr\u00e4umt davon, das Trikot des Bayern zu tragen<\/p>\n","protected":false},"author":6,"featured_media":867869,"comment_status":"closed","ping_status":"closed","sticky":false,"template":"","format":"standard","meta":{"footnotes":""},"categories":[24670,4023,24631,1139],"tags":[],"vendi":[],"content_country":[29888,31836,31837],"class_list":["post-868066","post","type-post","status-publish","format-standard","has-post-thumbnail","hentry","category-martiale-sportarten","category-futboll-de","category-nachrichten-de-2","category-sport","content_country-zvicer","content_country-austria-de","content_country-germany-de"],"acf":[],"_links":{"self":[{"href":"https:\/\/www.albinfo.at\/de\/wp-json\/wp\/v2\/posts\/868066","targetHints":{"allow":["GET"]}}],"collection":[{"href":"https:\/\/www.albinfo.at\/de\/wp-json\/wp\/v2\/posts"}],"about":[{"href":"https:\/\/www.albinfo.at\/de\/wp-json\/wp\/v2\/types\/post"}],"author":[{"embeddable":true,"href":"https:\/\/www.albinfo.at\/de\/wp-json\/wp\/v2\/users\/6"}],"replies":[{"embeddable":true,"href":"https:\/\/www.albinfo.at\/de\/wp-json\/wp\/v2\/comments?post=868066"}],"version-history":[{"count":1,"href":"https:\/\/www.albinfo.at\/de\/wp-json\/wp\/v2\/posts\/868066\/revisions"}],"predecessor-version":[{"id":868067,"href":"https:\/\/www.albinfo.at\/de\/wp-json\/wp\/v2\/posts\/868066\/revisions\/868067"}],"wp:featuredmedia":[{"embeddable":true,"href":"https:\/\/www.albinfo.at\/de\/wp-json\/wp\/v2\/media\/867869"}],"wp:attachment":[{"href":"https:\/\/www.albinfo.at\/de\/wp-json\/wp\/v2\/media?parent=868066"}],"wp:term":[{"taxonomy":"category","embeddable":true,"href":"https:\/\/www.albinfo.at\/de\/wp-json\/wp\/v2\/categories?post=868066"},{"taxonomy":"post_tag","embeddable":true,"href":"https:\/\/www.albinfo.at\/de\/wp-json\/wp\/v2\/tags?post=868066"},{"taxonomy":"vendi","embeddable":true,"href":"https:\/\/www.albinfo.at\/de\/wp-json\/wp\/v2\/vendi?post=868066"},{"taxonomy":"content_country","embeddable":true,"href":"https:\/\/www.albinfo.at\/de\/wp-json\/wp\/v2\/content_country?post=868066"}],"curies":[{"name":"wp","href":"https:\/\/api.w.org\/{rel}","templated":true}]}}