{"id":867549,"date":"2025-10-15T20:47:20","date_gmt":"2025-10-15T18:47:20","guid":{"rendered":"https:\/\/www.albinfo.ch\/?p=867549"},"modified":"2025-10-22T18:09:26","modified_gmt":"2025-10-22T16:09:26","slug":"duka-kosovo-verdient-es-an-der-weltmeisterschaft-teilzunehmen","status":"publish","type":"post","link":"https:\/\/www.albinfo.at\/de\/duka-kosovo-verdient-es-an-der-weltmeisterschaft-teilzunehmen\/","title":{"rendered":"Duka: Kosovo verdient es, an der Weltmeisterschaft teilzunehmen"},"content":{"rendered":"<p data-start=\"2844\" data-end=\"3071\">Der Pr\u00e4sident des albanischen Fu\u00dfballverbands, Armand Duka, hat erkl\u00e4rt, dass der Kosovo es verdient, an der Weltmeisterschaft teilzunehmen, die n\u00e4chstes Jahr in den USA, Mexiko und Kanada stattfinden wird.<\/p>\n<p data-start=\"3073\" data-end=\"3262\">Duka betonte, dass die beiden Siege des Kosovo gegen Schweden verdient waren. Er gab \u201eEuronews Albania\u201c ein Interview, das am Mittwoch vom FSHF ver\u00f6ffentlicht wurde, berichtet albinfo.ch.<\/p>\n<p data-start=\"3264\" data-end=\"3548\">\u201eDer Kosovo hat sehr gute und talentierte Fu\u00dfballer. Es ist keine \u00dcberraschung, dass sie beide Spiele gewonnen haben. Sie haben den Sieg im ersten Spiel in Pristina voll und ganz verdient, ebenso den gestrigen\u00a0 und sie verdienen es, Teil der Weltmeisterschaft zu sein\u201c, sagte Duka.<\/p>\n<p data-start=\"3550\" data-end=\"3682\">Derzeit liegen sowohl Kosovo als auch Albanien in ihren Gruppen auf dem zweiten Platz, was eine Teilnahme an den Playoffs sichert.<\/p>\n<p data-start=\"3684\" data-end=\"3840\">\u201eEs w\u00e4re fantastisch, wenn wir zwei Nationalmannschaften unterst\u00fctzen k\u00f6nnten. Aber auch wenn es nur eine schafft, w\u00e4ren wir gl\u00fccklich\u201c, f\u00fcgte Duka hinzu.<\/p>\n<p data-start=\"3842\" data-end=\"4367\">Er stellte klar, dass Rey Manaj nicht wegen des Doppeladler-Jubels verwarnt wurde. \u201eEs ist eine gro\u00dfe \u00dcbertreibung zu sagen, dass Rey Manaj wegen des Doppeladler-Zeichens die Gelbe Karte bekam. Das stimmt nicht. Manaj wurde verwarnt, weil er zum gegnerischen Trainerbereich lief, um dort zu feiern \u2013 was als Provokation gilt. Den Doppeladler kann man von morgens bis abends machen, ohne bestraft zu werden. Ich bin sehr gl\u00fccklich \u00fcber das Ergebnis, \u00fcber das, was auf dem Platz passiert ist, \u00fcber Rejs Tor und seinen Jubel.\u201c<\/p>\n<p data-start=\"4369\" data-end=\"5438\" data-is-last-node=\"\" data-is-only-node=\"\">Duka sprach auch \u00fcber die Beleidigungen gegen Albaner beim Spiel in Leskovac und sagte, dass sich Albanien und Serbien in dieser Hinsicht kaum unterscheiden. \u201eLeider haben solche Rufe unsere Spiele gegen Serbien, sowohl in Tirana als auch in Serbien, begleitet. Selbst in Spielen, in denen wir nicht gegen Serbien spielen, sind unsere Ges\u00e4nge nicht freundlicher als ihre\u00a0 und umgekehrt. Sowohl die FSHF als auch der serbische Verband sowie beide Nationalmannschaften distanzieren sich klar davon. Fu\u00dfball ist ein Spiel, das Br\u00fccken bauen und Menschen verbinden sollte, nicht trennen. Es ist sehr schade, dass solche Rufe existieren, aber es stimmt nicht, dass jemand bevorzugt oder benachteiligt wird. Leider haben wir \u00c4hnliches auch gestern beim Spiel zwischen Kosovo und Schweden geh\u00f6rt oder bei Spielen gegen Andorra oder Georgien. Ich denke, dass das Spiel zwischen Albanien und Serbien zumindest einen positiven Beitrag dazu geleistet hat, die Dinge mit mehr Ausgeglichenheit und einer besseren Perspektive zu sehen\u201c, sagte Duka abschlie\u00dfend. \/Albinfo.ch<\/p>\n","protected":false},"excerpt":{"rendered":"<p>Armand Duka betonte, dass die beiden Siege des Kosovo gegen Schweden verdient waren<\/p>\n","protected":false},"author":6,"featured_media":776219,"comment_status":"closed","ping_status":"closed","sticky":false,"template":"","format":"standard","meta":{"footnotes":""},"categories":[33056,23263,24641,23269,4023,23262,24621,24635,1139],"tags":[],"vendi":[],"content_country":[29888,31836,31837],"class_list":["post-867549","post","type-post","status-publish","format-standard","has-post-thumbnail","hentry","category-de-balkani-de","category-kosova-de-2","category-andere-de-2","category-news","category-futboll-de","category-at-balkani-de","category-kosova-de-3","category-nachrichten-de-3","category-sport","content_country-zvicer","content_country-austria-de","content_country-germany-de"],"acf":[],"_links":{"self":[{"href":"https:\/\/www.albinfo.at\/de\/wp-json\/wp\/v2\/posts\/867549","targetHints":{"allow":["GET"]}}],"collection":[{"href":"https:\/\/www.albinfo.at\/de\/wp-json\/wp\/v2\/posts"}],"about":[{"href":"https:\/\/www.albinfo.at\/de\/wp-json\/wp\/v2\/types\/post"}],"author":[{"embeddable":true,"href":"https:\/\/www.albinfo.at\/de\/wp-json\/wp\/v2\/users\/6"}],"replies":[{"embeddable":true,"href":"https:\/\/www.albinfo.at\/de\/wp-json\/wp\/v2\/comments?post=867549"}],"version-history":[{"count":2,"href":"https:\/\/www.albinfo.at\/de\/wp-json\/wp\/v2\/posts\/867549\/revisions"}],"predecessor-version":[{"id":867551,"href":"https:\/\/www.albinfo.at\/de\/wp-json\/wp\/v2\/posts\/867549\/revisions\/867551"}],"wp:featuredmedia":[{"embeddable":true,"href":"https:\/\/www.albinfo.at\/de\/wp-json\/wp\/v2\/media\/776219"}],"wp:attachment":[{"href":"https:\/\/www.albinfo.at\/de\/wp-json\/wp\/v2\/media?parent=867549"}],"wp:term":[{"taxonomy":"category","embeddable":true,"href":"https:\/\/www.albinfo.at\/de\/wp-json\/wp\/v2\/categories?post=867549"},{"taxonomy":"post_tag","embeddable":true,"href":"https:\/\/www.albinfo.at\/de\/wp-json\/wp\/v2\/tags?post=867549"},{"taxonomy":"vendi","embeddable":true,"href":"https:\/\/www.albinfo.at\/de\/wp-json\/wp\/v2\/vendi?post=867549"},{"taxonomy":"content_country","embeddable":true,"href":"https:\/\/www.albinfo.at\/de\/wp-json\/wp\/v2\/content_country?post=867549"}],"curies":[{"name":"wp","href":"https:\/\/api.w.org\/{rel}","templated":true}]}}