{"id":867539,"date":"2025-10-15T20:34:42","date_gmt":"2025-10-15T18:34:42","guid":{"rendered":"https:\/\/www.albinfo.ch\/?p=867539"},"modified":"2025-10-22T18:10:00","modified_gmt":"2025-10-22T16:10:00","slug":"wir-koennen-zur-weltmeisterschaft-fahren-sagt-sylvinho","status":"publish","type":"post","link":"https:\/\/www.albinfo.at\/de\/wir-koennen-zur-weltmeisterschaft-fahren-sagt-sylvinho\/","title":{"rendered":"\u201eWir k\u00f6nnen zur Weltmeisterschaft fahren\u201c, sagt Sylvinho"},"content":{"rendered":"<p data-start=\"2113\" data-end=\"2387\">Der Trainer der albanischen Nationalmannschaft, Sylvinho, zeigte sich zuversichtlicher in Bezug auf eine m\u00f6gliche Teilnahme an der Weltmeisterschaft, nachdem sein Team in einem Freundschaftsspiel gegen einen bereits qualifizierten Gegner gewonnen hatte.<\/p>\n<p data-start=\"2389\" data-end=\"2496\">Der 4:2-Erfolg war ein zus\u00e4tzlicher Antrieb, sogar st\u00e4rker als der Sieg in Serbien, berichtet albinfo.ch.<\/p>\n<p data-start=\"2498\" data-end=\"2959\">\u201eJa, das ist ein Zeichen. Zuerst habe ich ihrem Trainer gratuliert, dass sie sich f\u00fcr die Weltmeisterschaft qualifiziert haben. Das kann auch uns gelingen. Wir m\u00fcssen uns gut auf die WM vorbereiten. Es war gro\u00dfartig, nach Serbien zu fahren und dort zu gewinnen, aber jetzt brauchen wir noch zwei weitere Siege. Der Sieg gegen Serbien war wichtig, aber wir m\u00fcssen weiter gewinnen. Zwei Spiele stehen noch an. Es wird nicht leicht, aber wir k\u00f6nnen es schaffen.\u201c<\/p>\n<p data-start=\"2961\" data-end=\"3070\">Der Brasilianer zeigte sich sehr zufrieden mit dem, was er gegen Jordanien gesehen hatte, schreibt abcnews.<\/p>\n<p data-start=\"3072\" data-end=\"3876\">\u201eIch mochte die Mannschaft sehr, auch die Aufstellung. Wir hatten zehn sehr gute Tage als Team. Das ist eine sehr gute Vorbereitung f\u00fcr die Spiele im November. Alle haben mir gefallen. Dajsinani hat sehr gut gespielt. Klinsman war gut, als er in der zweiten Halbzeit eingewechselt wurde, und beginnt zu verstehen, wie wir funktionieren. Gripshi hat gut gespielt, auch wenn er weiter vom Angriff entfernt war. Er spielte au\u00dferhalb seiner gewohnten Position, aber er hat Qualit\u00e4t und leistete bei uns gute Arbeit. Bajrami, Hoxha, Broja, Daku \u2013 alle spielten gut und nutzten die entstandenen R\u00e4ume. Sie hatten die M\u00f6glichkeit zu spielen. Als Trainer bin ich in einer schwierigen Position, weil ich viele gute Spieler habe, aus denen ich w\u00e4hlen muss. Es ist ein Kopfzerbrechen, aber eines, das sich lohnt.\u201c<\/p>\n<p data-start=\"3878\" data-end=\"4243\" data-is-last-node=\"\" data-is-only-node=\"\">Zum Thema Broja sagte Sylvinho weiter:<br data-start=\"3916\" data-end=\"3919\" \/>\u201eJa, er kann als Mittelst\u00fcrmer spielen. Rei Manaj und Daku haben \u00e4hnliche Eigenschaften, sie sind physisch stark, schaffen aber weniger Raum. Broja ist sehr schnell und schafft R\u00e4ume. Nat\u00fcrlich kann er als Mittelst\u00fcrmer spielen, oder zwei von ihnen k\u00f6nnen zusammen spielen, aber das h\u00e4ngt vom Spiel ab.\u201c \/Albinfo.ch<\/p>\n","protected":false},"excerpt":{"rendered":"<p>Der 4:2-Erfolg war ein noch gr\u00f6\u00dferer Antrieb, sogar mehr als der Sieg in Serbien<\/p>\n","protected":false},"author":6,"featured_media":833439,"comment_status":"closed","ping_status":"closed","sticky":false,"template":"","format":"standard","meta":{"footnotes":""},"categories":[24641,4023,1139],"tags":[],"vendi":[],"content_country":[29888,31836,31837],"class_list":["post-867539","post","type-post","status-publish","format-standard","has-post-thumbnail","hentry","category-andere-de-2","category-futboll-de","category-sport","content_country-zvicer","content_country-austria-de","content_country-germany-de"],"acf":[],"_links":{"self":[{"href":"https:\/\/www.albinfo.at\/de\/wp-json\/wp\/v2\/posts\/867539","targetHints":{"allow":["GET"]}}],"collection":[{"href":"https:\/\/www.albinfo.at\/de\/wp-json\/wp\/v2\/posts"}],"about":[{"href":"https:\/\/www.albinfo.at\/de\/wp-json\/wp\/v2\/types\/post"}],"author":[{"embeddable":true,"href":"https:\/\/www.albinfo.at\/de\/wp-json\/wp\/v2\/users\/6"}],"replies":[{"embeddable":true,"href":"https:\/\/www.albinfo.at\/de\/wp-json\/wp\/v2\/comments?post=867539"}],"version-history":[{"count":1,"href":"https:\/\/www.albinfo.at\/de\/wp-json\/wp\/v2\/posts\/867539\/revisions"}],"predecessor-version":[{"id":867541,"href":"https:\/\/www.albinfo.at\/de\/wp-json\/wp\/v2\/posts\/867539\/revisions\/867541"}],"wp:featuredmedia":[{"embeddable":true,"href":"https:\/\/www.albinfo.at\/de\/wp-json\/wp\/v2\/media\/833439"}],"wp:attachment":[{"href":"https:\/\/www.albinfo.at\/de\/wp-json\/wp\/v2\/media?parent=867539"}],"wp:term":[{"taxonomy":"category","embeddable":true,"href":"https:\/\/www.albinfo.at\/de\/wp-json\/wp\/v2\/categories?post=867539"},{"taxonomy":"post_tag","embeddable":true,"href":"https:\/\/www.albinfo.at\/de\/wp-json\/wp\/v2\/tags?post=867539"},{"taxonomy":"vendi","embeddable":true,"href":"https:\/\/www.albinfo.at\/de\/wp-json\/wp\/v2\/vendi?post=867539"},{"taxonomy":"content_country","embeddable":true,"href":"https:\/\/www.albinfo.at\/de\/wp-json\/wp\/v2\/content_country?post=867539"}],"curies":[{"name":"wp","href":"https:\/\/api.w.org\/{rel}","templated":true}]}}