{"id":867344,"date":"2025-10-14T23:25:45","date_gmt":"2025-10-14T21:25:45","guid":{"rendered":"https:\/\/www.albinfo.ch\/?p=867344"},"modified":"2025-10-22T18:18:12","modified_gmt":"2025-10-22T16:18:12","slug":"kosovo-wird-ploetzlich-zum-haupthindernis-fuer-die-wm-qualifikation-der-schweiz","status":"publish","type":"post","link":"https:\/\/www.albinfo.at\/de\/kosovo-wird-ploetzlich-zum-haupthindernis-fuer-die-wm-qualifikation-der-schweiz\/","title":{"rendered":"Kosovo wird pl\u00f6tzlich zum Haupthindernis f\u00fcr die WM-Qualifikation der Schweiz."},"content":{"rendered":"<p data-start=\"2040\" data-end=\"2439\">Der Ausw\u00e4rtssieg des Kosovo gegen Schweden und das entt\u00e4uschende Unentschieden der Schweiz gegen Slowenien haben die Position der Nati im Rennen um die WM 2026 deutlich ver\u00e4ndert. Damit wird Kosovo pl\u00f6tzlich zum ernsthaftesten Hindernis f\u00fcr die direkte Qualifikation der Schweiz f\u00fcr die Weltmeisterschaft \u2013 ein Ziel, das bis gestern noch als sicher galt, schreibt albinfo.ch.<\/p>\n<p data-start=\"2441\" data-end=\"2918\">Diese \u201e\u00dcberraschung\u201c ist derzeit das Hauptthema in den Schweizer Sportnachrichten und Analysen. Mit nun sieben Punkten bleibt Kosovo der einzige direkte Verfolger der Schweiz, die zehn Punkte hat, in der gemeinsamen Gruppe. Sollte die Schweiz am 15. November gegen Schweden nicht gewinnen, k\u00f6nnte Kosovo der Schweiz nicht nur die direkte WM-Qualifikation, sondern auch die Teilnahme insgesamt streitig machen\u00a0 vorausgesetzt, Kosovo gewinnt am 18. November gegen die Schweiz.<\/p>\n<p data-start=\"2920\" data-end=\"3206\">Die Schweiz blieb auch im vierten Qualifikationsspiel ohne Gegentor. Dennoch blieb der angestrebte Sieg in Slowenien aus. Das n\u00e4chste Heimspiel gegen Schweden ist nun umso wichtiger, sagte Nationaltrainer Murat Yakin gegen\u00fcber Schweizer Medien wie blick.ch, 20 Minuten und bluewin.ch.<\/p>\n<p data-start=\"3208\" data-end=\"3531\">Das WM-Ticket muss also noch warten. Mit einem Sieg in Slowenien und Sch\u00fctzenhilfe aus Schweden h\u00e4tte die Nati die Teilnahme bereits sichern k\u00f6nnen\u00a0 jetzt ist die Lage v\u00f6llig anders: Da Kosovo in Schweden gewann und die Schweiz in Slowenien nur ein 0:0 erreichte, liegen die Kosovaren nur drei Punkte hinter Yakins Team.<\/p>\n<p data-start=\"3533\" data-end=\"3908\" data-is-last-node=\"\" data-is-only-node=\"\">Die Schweizer m\u00fcssen zudem noch zum letzten Qualifikationsspiel nach Kosovo reisen. Um ein emotionales \u201eFinale\u201c zu vermeiden, brauchen sie am 15. November in Genf einen Sieg gegen Schweden, berichtet albinfo.ch. \u201eWenn wir unser Spiel durchziehen, bin ich \u00fcberzeugt, dass wir wieder gewinnen k\u00f6nnen. Nat\u00fcrlich werden wir zu Hause gegen Schweden auf Sieg spielen\u201c, sagte Yakin.<\/p>\n<p>Er hat keine Angst vor einem Finale in Prishtina. &#8220;Was Kosovo leistet, ist au\u00dfergew\u00f6hnlich. Aber wir haben vor niemandem Angst. Und wenn sich die Qualifikation im letzten Spiel entscheidet, dann nehmen wir diese Herausforderung an.&#8221;<\/p>\n","protected":false},"excerpt":{"rendered":"<p>Jakin: \u201eWas Kosovo leistet, ist au\u00dfergew\u00f6hnlich. Aber wenn sich unsere Qualifikation im letzten Spiel entscheidet, dann nehmen wir diese Herausforderung an.\u201c<\/p>\n","protected":false},"author":6,"featured_media":867023,"comment_status":"closed","ping_status":"closed","sticky":false,"template":"","format":"standard","meta":{"footnotes":""},"categories":[24641,4023,24006,24631,1140,1139],"tags":[],"vendi":[],"content_country":[29888,31836,31837],"class_list":["post-867344","post","type-post","status-publish","format-standard","has-post-thumbnail","hentry","category-andere-de-2","category-futboll-de","category-lajme-jeta-ne-zvicer-de","category-nachrichten-de-2","category-leben-in-der-schweiz","category-sport","content_country-zvicer","content_country-austria-de","content_country-germany-de"],"acf":[],"_links":{"self":[{"href":"https:\/\/www.albinfo.at\/de\/wp-json\/wp\/v2\/posts\/867344","targetHints":{"allow":["GET"]}}],"collection":[{"href":"https:\/\/www.albinfo.at\/de\/wp-json\/wp\/v2\/posts"}],"about":[{"href":"https:\/\/www.albinfo.at\/de\/wp-json\/wp\/v2\/types\/post"}],"author":[{"embeddable":true,"href":"https:\/\/www.albinfo.at\/de\/wp-json\/wp\/v2\/users\/6"}],"replies":[{"embeddable":true,"href":"https:\/\/www.albinfo.at\/de\/wp-json\/wp\/v2\/comments?post=867344"}],"version-history":[{"count":1,"href":"https:\/\/www.albinfo.at\/de\/wp-json\/wp\/v2\/posts\/867344\/revisions"}],"predecessor-version":[{"id":867345,"href":"https:\/\/www.albinfo.at\/de\/wp-json\/wp\/v2\/posts\/867344\/revisions\/867345"}],"wp:featuredmedia":[{"embeddable":true,"href":"https:\/\/www.albinfo.at\/de\/wp-json\/wp\/v2\/media\/867023"}],"wp:attachment":[{"href":"https:\/\/www.albinfo.at\/de\/wp-json\/wp\/v2\/media?parent=867344"}],"wp:term":[{"taxonomy":"category","embeddable":true,"href":"https:\/\/www.albinfo.at\/de\/wp-json\/wp\/v2\/categories?post=867344"},{"taxonomy":"post_tag","embeddable":true,"href":"https:\/\/www.albinfo.at\/de\/wp-json\/wp\/v2\/tags?post=867344"},{"taxonomy":"vendi","embeddable":true,"href":"https:\/\/www.albinfo.at\/de\/wp-json\/wp\/v2\/vendi?post=867344"},{"taxonomy":"content_country","embeddable":true,"href":"https:\/\/www.albinfo.at\/de\/wp-json\/wp\/v2\/content_country?post=867344"}],"curies":[{"name":"wp","href":"https:\/\/api.w.org\/{rel}","templated":true}]}}