{"id":867316,"date":"2025-10-14T22:12:47","date_gmt":"2025-10-14T20:12:47","guid":{"rendered":"https:\/\/www.albinfo.ch\/?p=867316"},"modified":"2025-10-22T18:19:48","modified_gmt":"2025-10-22T16:19:48","slug":"praesidentin-osmani-die-jungs-aus-kosovo-haben-herz-und-charakter-gezeigt","status":"publish","type":"post","link":"https:\/\/www.albinfo.at\/de\/praesidentin-osmani-die-jungs-aus-kosovo-haben-herz-und-charakter-gezeigt\/","title":{"rendered":"Pr\u00e4sidentin Osmani: Die Jungs aus Kosovo haben Herz und Charakter gezeigt."},"content":{"rendered":"<p data-start=\"593\" data-end=\"827\">Die Pr\u00e4sidentin des Kosovo, Vjosa Osmani, hat die Nationalmannschaft nach dem Sieg \u00fcber Schweden begl\u00fcckw\u00fcnscht und die Leistung der Spieler als Beispiel f\u00fcr Herz und Charakter bezeichnet, berichtet albinfo.ch.<\/p>\n<p data-start=\"829\" data-end=\"1051\">&#8220;Die Jungs aus Kosovo zeigten Herz, Charakter und ein fantastisches Spiel heute Abend gegen Schweden und erinnerten uns daran, dass kein Ziel unm\u00f6glich ist, wenn man mit Leidenschaft spielt&#8221;, schrieb Osmani auf Facebook.<\/p>\n<p data-start=\"1053\" data-end=\"1194\" data-is-last-node=\"\" data-is-only-node=\"\">Sie f\u00fcgte hinzu, dass der Weg der Dardanen zu weiteren Siegen weitergehe, und gratulierte der Mannschaft zum historischen Erfolg in G\u00f6teborg.<\/p>\n","protected":false},"excerpt":{"rendered":"<p>Vjosa Osmani lobt die kosovarische Mannschaft nach dem Sieg in Schweden.<\/p>\n","protected":false},"author":6,"featured_media":867106,"comment_status":"closed","ping_status":"closed","sticky":false,"template":"","format":"standard","meta":{"footnotes":""},"categories":[33056,23263,1130,3952,23269,4023,23262,24621,24631,24635,1129,1139],"tags":[],"vendi":[],"content_country":[29888,31836,31837],"class_list":["post-867316","post","type-post","status-publish","format-standard","has-post-thumbnail","hentry","category-de-balkani-de","category-kosova-de-2","category-aktuell","category-kosova-de","category-news","category-futboll-de","category-at-balkani-de","category-kosova-de-3","category-nachrichten-de-2","category-nachrichten-de-3","category-ch-balkan","category-sport","content_country-zvicer","content_country-austria-de","content_country-germany-de"],"acf":[],"_links":{"self":[{"href":"https:\/\/www.albinfo.at\/de\/wp-json\/wp\/v2\/posts\/867316","targetHints":{"allow":["GET"]}}],"collection":[{"href":"https:\/\/www.albinfo.at\/de\/wp-json\/wp\/v2\/posts"}],"about":[{"href":"https:\/\/www.albinfo.at\/de\/wp-json\/wp\/v2\/types\/post"}],"author":[{"embeddable":true,"href":"https:\/\/www.albinfo.at\/de\/wp-json\/wp\/v2\/users\/6"}],"replies":[{"embeddable":true,"href":"https:\/\/www.albinfo.at\/de\/wp-json\/wp\/v2\/comments?post=867316"}],"version-history":[{"count":1,"href":"https:\/\/www.albinfo.at\/de\/wp-json\/wp\/v2\/posts\/867316\/revisions"}],"predecessor-version":[{"id":867317,"href":"https:\/\/www.albinfo.at\/de\/wp-json\/wp\/v2\/posts\/867316\/revisions\/867317"}],"wp:featuredmedia":[{"embeddable":true,"href":"https:\/\/www.albinfo.at\/de\/wp-json\/wp\/v2\/media\/867106"}],"wp:attachment":[{"href":"https:\/\/www.albinfo.at\/de\/wp-json\/wp\/v2\/media?parent=867316"}],"wp:term":[{"taxonomy":"category","embeddable":true,"href":"https:\/\/www.albinfo.at\/de\/wp-json\/wp\/v2\/categories?post=867316"},{"taxonomy":"post_tag","embeddable":true,"href":"https:\/\/www.albinfo.at\/de\/wp-json\/wp\/v2\/tags?post=867316"},{"taxonomy":"vendi","embeddable":true,"href":"https:\/\/www.albinfo.at\/de\/wp-json\/wp\/v2\/vendi?post=867316"},{"taxonomy":"content_country","embeddable":true,"href":"https:\/\/www.albinfo.at\/de\/wp-json\/wp\/v2\/content_country?post=867316"}],"curies":[{"name":"wp","href":"https:\/\/api.w.org\/{rel}","templated":true}]}}